{"id":105373,"date":"2025-08-22T11:17:27","date_gmt":"2025-08-22T08:17:27","guid":{"rendered":"https:\/\/mersingazetesi.com\/?p=105373"},"modified":"2025-08-22T11:17:27","modified_gmt":"2025-08-22T08:17:27","slug":"mersinde-seyyar-saticilar-icin-tek-tip-uygulamasi-ne-oldu","status":"publish","type":"post","link":"https:\/\/mersingazetesi.com\/index.php\/2025\/08\/22\/mersinde-seyyar-saticilar-icin-tek-tip-uygulamasi-ne-oldu\/","title":{"rendered":"Mersin\u2019de Seyyar Sat\u0131c\u0131lar \u0130\u00e7in \u201cTek Tip\u201d Uygulamas\u0131 Ne Oldu?"},"content":{"rendered":"<div>Mersin B\u00fcy\u00fck\u015fehir Belediyesi, 2020 y\u0131l\u0131nda ald\u0131\u011f\u0131 bir kararla sahil band\u0131ndaki seyyar sat\u0131c\u0131lar i\u00e7in \u00f6nemli bir ad\u0131m atm\u0131\u015ft\u0131. Ama\u00e7 hem halk sa\u011fl\u0131\u011f\u0131n\u0131 korumak hem de g\u00f6rsel kirlili\u011fi \u00f6nlemekti. Bu kapsamda sat\u0131c\u0131lar\u0131n tek tip k\u0131yafet giymesi, hijyen ko\u015fullar\u0131na uymas\u0131 ve vergi \u00f6demesi zorunlu hale getirilmi\u015fti. O g\u00fcnlerde kamuoyuna yans\u0131yan foto\u011fraflarda, renkli stantlar\u0131yla d\u00fczenli bir \u015fekilde sahile s\u0131ralanan sat\u0131c\u0131lar dikkat \u00e7ekiyordu.<\/div>\n<div dir=\"ltr\"><\/div>\n<div>Aradan ge\u00e7en y\u0131llarda ise farkl\u0131 bir tabloyla kar\u015f\u0131la\u015f\u0131yoruz. Bug\u00fcn sahilde dola\u015fan vatanda\u015flar, tek tip uygulaman\u0131n giderek ortadan kalkt\u0131\u011f\u0131n\u0131, seyyar sat\u0131c\u0131lar\u0131n d\u00fczensiz bi\u00e7imde \u00e7o\u011fald\u0131\u011f\u0131n\u0131 g\u00f6r\u00fcyor. Bir zamanlar \u201ctemiz ve sa\u011fl\u0131kl\u0131 sat\u0131\u015f\u201d amac\u0131yla konulan kurallar\u0131n art\u0131k g\u00f6z ard\u0131 edildi\u011fi konu\u015fuluyor.<\/div>\n<div dir=\"ltr\"><\/div>\n<div>Peki ne oldu?<\/div>\n<div>\u2002\u2002\u2002\u2002\u2002\u2002\u2022\u2002\u2002\u2002\u2002\u2002Belediye denetimleri mi zay\u0131flad\u0131?<\/div>\n<div>\u2002\u2002\u2002\u2002\u2002\u2002\u2022\u2002\u2002\u2002\u2002\u2002Tek tip uygulama rant ili\u015fkilerine mi kurban gitti?<\/div>\n<div>\u2002\u2002\u2002\u2002\u2002\u2002\u2022\u2002\u2002\u2002\u2002\u2002Vergi ve hijyen zorunluluklar\u0131 sadece k\u00e2\u011f\u0131t \u00fczerinde mi kald\u0131?<\/div>\n<div dir=\"ltr\"><\/div>\n<div>Vatanda\u015flar\u0131n kafas\u0131nda bu sorular dola\u015f\u0131rken, sahildeki g\u00f6r\u00fcnt\u00fcler belediyenin ilk ba\u015ftaki iddial\u0131 s\u00f6ylemleriyle \u00e7eli\u015fiyor. Kamu d\u00fczeni ve sa\u011fl\u0131k gerek\u00e7esiyle ba\u015flat\u0131lan sistemin bug\u00fcn neden s\u00fcrd\u00fcr\u00fclemedi\u011fi, \u015feffaf bir \u015fekilde a\u00e7\u0131klanmay\u0131 bekliyor.<\/div>\n<div dir=\"ltr\"><\/div>\n<div>Mersin halk\u0131, belediyeden a\u00e7\u0131k bir yan\u0131t istiyor:<\/div>\n<div>\u2002\u2002\u2002\u2002\u2002\u2002\u2022\u2002\u2002\u2002\u2002\u2002Tek tip sat\u0131c\u0131 uygulamas\u0131 neden s\u00fcrd\u00fcr\u00fclemedi?<\/div>\n<div>\u2002\u2002\u2002\u2002\u2002\u2002\u2022\u2002\u2002\u2002\u2002\u2002Sahilde denetimler hangi s\u0131kl\u0131kla yap\u0131l\u0131yor?<\/div>\n<div>\u2002\u2002\u2002\u2002\u2002\u2002\u2022\u2002\u2002\u2002\u2002\u2002Kimler bu d\u00fczenlemenin d\u0131\u015f\u0131nda tutuluyor?<\/div>\n<div>\u2002\u2002\u2002\u2002\u2002\u2002\u2022\u2002\u2002\u2002\u2002\u2002Ve en \u00f6nemlisi, vatanda\u015f\u0131n sa\u011fl\u0131\u011f\u0131 ve g\u00fcvenli\u011fi i\u00e7in al\u0131nan bu karar neden rafa kald\u0131r\u0131ld\u0131?<\/div>\n<div dir=\"ltr\"><\/div>\n<div>Sorular net, yan\u0131t bekleniyor.<\/div>\n","protected":false},"excerpt":{"rendered":"<p>Mersin B\u00fcy\u00fck\u015fehir Belediyesi, 2020 y\u0131l\u0131nda ald\u0131\u011f\u0131 bir kararla sahil band\u0131ndaki seyyar sat\u0131c\u0131lar i\u00e7in \u00f6nemli bir ad\u0131m atm\u0131\u015ft\u0131. Ama\u00e7 hem halk sa\u011fl\u0131\u011f\u0131n\u0131 korumak hem de g\u00f6rsel kirlili\u011fi \u00f6nlemekti. Bu kapsamda sat\u0131c\u0131lar\u0131n tek tip k\u0131yafet giymesi, hijyen ko\u015fullar\u0131na uymas\u0131 ve vergi \u00f6demesi zorunlu hale getirilmi\u015fti. O g\u00fcnlerde kamuoyuna yans\u0131yan foto\u011fraflarda, renkli stantlar\u0131yla d\u00fczenli bir \u015fekilde sahile s\u0131ralanan [&hellip;]<\/p>\n","protected":false},"author":23,"featured_media":105374,"comment_status":"open","ping_status":"open","sticky":false,"template":"","format":"standard","meta":{"footnotes":""},"categories":[122],"tags":[],"class_list":["post-105373","post","type-post","status-publish","format-standard","has-post-thumbnail","hentry","category-hatice-akarca"],"views":990,"_links":{"self":[{"href":"https:\/\/mersingazetesi.com\/index.php\/wp-json\/wp\/v2\/posts\/105373","targetHints":{"allow":["GET"]}}],"collection":[{"href":"https:\/\/mersingazetesi.com\/index.php\/wp-json\/wp\/v2\/posts"}],"about":[{"href":"https:\/\/mersingazetesi.com\/index.php\/wp-json\/wp\/v2\/types\/post"}],"author":[{"embeddable":true,"href":"https:\/\/mersingazetesi.com\/index.php\/wp-json\/wp\/v2\/users\/23"}],"replies":[{"embeddable":true,"href":"https:\/\/mersingazetesi.com\/index.php\/wp-json\/wp\/v2\/comments?post=105373"}],"version-history":[{"count":0,"href":"https:\/\/mersingazetesi.com\/index.php\/wp-json\/wp\/v2\/posts\/105373\/revisions"}],"wp:featuredmedia":[{"embeddable":true,"href":"https:\/\/mersingazetesi.com\/index.php\/wp-json\/wp\/v2\/media\/105374"}],"wp:attachment":[{"href":"https:\/\/mersingazetesi.com\/index.php\/wp-json\/wp\/v2\/media?parent=105373"}],"wp:term":[{"taxonomy":"category","embeddable":true,"href":"https:\/\/mersingazetesi.com\/index.php\/wp-json\/wp\/v2\/categories?post=105373"},{"taxonomy":"post_tag","embeddable":true,"href":"https:\/\/mersingazetesi.com\/index.php\/wp-json\/wp\/v2\/tags?post=105373"}],"curies":[{"name":"wp","href":"https:\/\/api.w.org\/{rel}","templated":true}]}}