{"id":105299,"date":"2025-08-21T12:18:37","date_gmt":"2025-08-21T09:18:37","guid":{"rendered":"https:\/\/mersingazetesi.com\/?p=105299"},"modified":"2025-08-24T22:00:23","modified_gmt":"2025-08-24T19:00:23","slug":"emperyalizmin-100-yillik-hayali-yeni-osmanli-millet-projesi-3","status":"publish","type":"post","link":"https:\/\/mersingazetesi.com\/index.php\/2025\/08\/21\/emperyalizmin-100-yillik-hayali-yeni-osmanli-millet-projesi-3\/","title":{"rendered":"EMPERYAL\u0130ZM\u0130N 100 YILLIK HAYAL\u0130 : YEN\u0130 OSMANLI PROJES\u0130 -3"},"content":{"rendered":"<p>Ayn\u0131 ba\u015fl\u0131kla \u00f6nceki iki yaz\u0131m\u0131zda, 16 Mart 2025 tarihinde ABD Ba\u015fkan\u0131 Donald Trump ile T\u00fcrkiye Cumhuriyeti Cumhurba\u015fkan\u0131 Recep Tayyip Erdo\u011fan(RTE) aras\u0131nda 16 Mart 2025 tarihinde yap\u0131lan ayr\u0131nt\u0131l\u0131 telefon g\u00f6r\u00fc\u015fmesinden sonra, D\u00fcnya\u2019da ve T\u00fcrkiye&#8217;de ya\u015fanan geli\u015fmelere de\u011finmi\u015ftik.<br \/>\nYaz\u0131m\u0131z\u0131n bu son b\u00f6l\u00fcm\u00fcnde emperyalizmin dikte etti\u011fi -Yeni Osmanl\u0131 Milleti -projesinin i\u00e7eri\u011fi hakk\u0131ndaki kendi g\u00f6zlem, \u00f6ng\u00f6r\u00fc ve d\u00fc\u015f\u00fcncelerimi payla\u015faca\u011f\u0131m.<\/p>\n<p>NEDEN YEN\u0130 OSMANLI M\u0130LLET\u0130 ?<\/p>\n<p>\u00d6zellikle Biden d\u00f6neminde, D\u00fcnya\u2019daki Anglo-Siyonist derin merkezlerin Ukrayna sava\u015f\u0131n\u0131 \u00e7\u0131karmak i\u00e7in Rusya&#8217;y\u0131 ve Avrupa&#8217;y\u0131 nas\u0131l k\u0131\u015fk\u0131rtt\u0131\u011f\u0131 haf\u0131zalardad\u0131r. Bug\u00fcn de \u0130srail&#8217;in Hamas&#8217;\u0131n vah\u015fi ter\u00f6r sald\u0131r\u0131s\u0131n\u0131 bahane ederek, T\u00fcrkiye dahil t\u00fcm bat\u0131 D\u00fcnyas\u0131 ve \u0130slam Devletlerin( zay\u0131f) itirazlar\u0131na ra\u011fmen, Gazze&#8217;de \u00e7oluk, \u00e7ocuk, kad\u0131n ve sivillere nas\u0131l bir a\u00e7\u0131kca soyk\u0131r\u0131m yapt\u0131\u011f\u0131na tan\u0131k oluyoruz.<br \/>\n\u00d6zellikle, Suriye&#8217;de eski I\u015eID\u2019c\u0131 ba\u015f\u0131na 10 milyon USD \u00f6d\u00fcl konulan Colani&#8217;nin \u00e7ok az bir kuvvetle, T\u00fcrkiye ve emperyalist bat\u0131n\u0131n deste\u011fiyle laik Esat rejimini devirmesinden sonraki geli\u015fmeler \u00e7ok dikkat \u00e7ekicidir.<\/p>\n<p>Bu geli\u015fmeden sonra, Suriye&#8217;nin Golan tepeleri dahil \u015eam&#8217;a 20 km kal\u0131ncaya kadar Suriye Topraklar\u0131 halen \u0130srail taraf\u0131ndan resmen ve fiilen i\u015fgal edilmi\u015ftir. Gazzedeki katliama, G\u00fcney Afrika Cumhuriyeti ve bir ka\u00e7 devlet d\u0131\u015f\u0131nda, t\u00fcm D\u00fcnya ve T\u00fcrkiye zay\u0131f bir tepkisi oldu(Sanki \u00f6nceden bunu biliyorlarm\u0131\u015f gibi). \u00dcst\u00fcne \u00fcstl\u00fck, Almanya&#8217;n\u0131n ba\u015f\u0131n\u0131 \u00e7ekti\u011fi, bat\u0131 Avrupa da, \u2018 \u0130srail bizim kirli i\u015flerimizi yap\u0131yor\u2019 diyerek bu utan\u00e7 verici soyk\u0131r\u0131ma destek bile olmu\u015ftur. Be\u015far Esat\u2019\u0131 deviren Colani, Suriye Topraklar\u0131n\u0131 i\u015fgal eden \u0130srail&#8217;e kar\u015f\u0131 hi\u00e7bir \u015fey yapmamas\u0131, buna kar\u015f\u0131l\u0131k Alevi ve D\u00fcrzilere kar\u015f\u0131 mezhepsel katliamlara ba\u015flamas\u0131 nas\u0131l bir D\u00fcnya g\u00f6r\u00fc\u015f\u00fcne ve anlay\u0131\u015fa sahip oldu\u011fu ve g\u00f6revinin \u00e7er\u00e7evesini g\u00f6steriyor. Ba\u015f\u0131na, ABD taraf\u0131ndan \u00f6d\u00fcl konulan I\u015eID\u2019ci bir ter\u00f6ristin kravat tak\u0131p devlet ba\u015fkan\u0131 haline getirilmesi ve Beyaz Sarayda devlet ba\u015fkan\u0131 olara kabul edilmesi \u00e7ok dikkat \u00e7ekicidir. Emperyalizm son tahlilde, b\u00f6lgedeki T\u00fcrkiye dahil t\u00fcm unsurlar\u0131 kullanarak, \u0130srail&#8217;in Suriye\u2019nin yar\u0131s\u0131n\u0131 i\u015fgalini sa\u011flam\u0131\u015ft\u0131r. \u015eimdi \u0130srail\u2019de Harran\u2019a kadar Davud koridoru bile telafuz edilmektedir.<br \/>\n\u00d6te yandan, Kanal \u0130stanbul projesinin h\u0131zla uygulamaya konulmas\u0131yla, bat\u0131 emperyalizminin sava\u015f gemilerinin Montr\u00f6 Anla\u015fmas\u0131 nedeniyle tek giremedi\u011fi deniz olan Karadeniz\u2019e serbest\u00e7e girip \u00e7\u0131kabilmesinin \u00f6n\u00fc a\u00e7\u0131lmak istenmektedir.<\/p>\n<p>D\u00dcNYA ORTODOKSLARININ MERKEZ\u0130 M\u0130 KURULACAK ?<\/p>\n<p>\u00d6te yandan, Kanal \u0130stanbul \u2018un yap\u0131lmas\u0131yla, \u0130stanbul&#8217;un Avrupa taraf\u0131nda olu\u015facak adada , Fener Rum Patrikhanesi, D\u00fcnya Ortodokslar\u0131n (Ek\u00fcmenik)merkezi haline getirilecek, Vatikan benzeri s\u0131n\u0131rlar\u0131 ve \u00f6zerk yap\u0131ya sahip bir ada olmas\u0131 da \u00f6ng\u00f6r\u00fclmektedir. Fener Rum patrikhanesi papaz\u0131 Bartelemeos\u2019un bu konuda zaman zaman benzer a\u00e7\u0131klama ve \u00e7\u0131k\u0131\u015flar\u0131 haf\u0131zalar\u0131m\u0131zdad\u0131r.<br \/>\nAncak, bu niyetler ve hayaller Lozan Antla\u015fmas\u0131 nedeniyle bug\u00fcne kadar uygulanamam\u0131\u015ft\u0131r.<br \/>\nBu hayallerin ger\u00e7ekle\u015febilmesi i\u00e7in T\u00fcrkiye Cumhuriyeti ulus devletinim y\u0131k\u0131l\u0131p, yerine -Osmanl\u0131 Millet Sistemi- hayaline ge\u00e7ilmesi gerekmektedir. Bu do\u011frultuda, ge\u00e7ti\u011fimiz g\u00fcnlerde, ABD\u2019nin yeni T\u00fcrkiye B\u00fcy\u00fckel\u00e7isi ve Suriye \u00f6zel temsilcisi Tom Barrack uluslararas\u0131 diplomatik tahamm\u00fcllerin d\u0131\u015f\u0131na \u00e7\u0131karak T\u00fcrkiye Cumhuriyeti i\u00e7in -yeni Osmanl\u0131 Millet Sisteminin- daha uygun olaca\u011f\u0131 k\u00fcstah\u00e7a ifade edilebilmi\u015ftir.<br \/>\nDi\u011fer taraftan, zaten uluslararas\u0131 ter\u00f6rist \u00f6rg\u00fct olarak tescilli ve hukuken mefta PKK ter\u00f6r \u00f6rg\u00fct\u00fc ile onun yarg\u0131lanarak mahkum olmu\u015f, hapisteki mahkum ter\u00f6rist ba\u015f\u0131n\u0131n 27 \u015eubat 2025 tarihinde kamuoyunda a\u00e7\u0131k\u00e7a payla\u015f\u0131lan, PKK ya kendini fesih \u00e7a\u011fr\u0131s\u0131 bildirisi duyurulmu\u015ftur.<\/p>\n<p>Bu \u00e7a\u011fr\u0131ya uyularak, 5 May\u0131s 2025 tarihinde Kuzey Irak\u2019taki Cassene ma\u011faras\u0131 \u00f6n\u00fcnde sembolik &#8211; kele\u015f kebab\u0131- g\u00f6sterisi- ile ter\u00f6r \u00f6rg\u00fct\u00fcn silahl\u0131 m\u00fccadeleyi b\u0131rak\u0131p, kendini fesih edece\u011fini a\u00e7\u0131klanm\u0131\u015ft\u0131r.Ki\u015fisel kanaatimce, bu geli\u015fmelerin hepsi T\u00fcrkiye Cumhuriyeti\u2019ne bi\u00e7ilen yeni emperyal kefeni olan- Osmanl\u0131 Millet Sistemi-ne uyumlu \u00f6n ad\u0131mlar m\u0131 sorusu hakl\u0131 olarak zininleri kurcalamaktad\u0131r.<\/p>\n<p>\u00d6te yandan, bu ad\u0131mlar\u0131n kar\u015f\u0131l\u0131\u011f\u0131nda asr\u0131n liderimizle, 16 ben d\u00fcn burada gece sahilde iki tane g\u00f6rd\u00fcm karaya \u00e7\u0131km\u0131\u015flar \u015fey Mart 2025 tarihinde Donald Trump ile yap\u0131lan telefon g\u00f6r\u00fc\u015fmesinde; kendisinin -m\u00fcsl\u00fcmanlar\u0131n halifesi- olmas\u0131 kayd\u0131yla ve Suriye topraklar\u0131nda YPG+SDG ile Kuzey Irak\u2019\u0131nda dahil olaca\u011f\u0131 K\u00fcrt -Arap federasyonu ile T\u00fcrkiye Cumhuriyeti\u2019nin ulus devletten, konfederal bir devlete d\u00f6n\u00fc\u015fmesi teklif edildi\u011fini ve bir \u00f6n mutabakata var\u0131ld\u0131\u011f\u0131n\u0131 g\u00f6steren bana g\u00f6re \u00e7ok \u00f6nemli i\u015faretlerdir.<br \/>\nBu emperyal (hayali)projeye \u00fclkemizde engel olabilcek tek ki\u015fi halen , Marmara (Silivri) cezaevinde CHP\u2019nin se\u00e7ilmi\u015f \u0130stanbul Belediye Ba\u015fkan\u0131 ve Cumhurba\u015fkan\u0131 aday\u0131 Ekrem \u0130mamo\u011flu\u2019dur.<br \/>\nKendisine, \u0130stanbul se\u00e7imlerini ilk kez kazand\u0131ktan hemen sonra, \u0130stanbul kar alt\u0131nda iken bal\u0131k restoran\u0131nda, ABD\u2019li ve \u0130ngiliz b\u00fcy\u00fckel\u00e7ileri taraf\u0131ndan kendisine muhtemelki bu emperyal projeye liderlik etmesi kar\u015f\u0131l\u0131\u011f\u0131nda, destek ve vaatler teklif edilmi\u015f olmas\u0131 olas\u0131l\u0131\u011f\u0131 y\u00fcksektir. Ancak, bug\u00fcn tutuklu olmas\u0131ndan anl\u0131yoruz ki; \u0130stanbul BB n\u0131 Ekrem \u0130mamo\u011flu(E\u0130) bu teklifi red etmi\u015ftir. Bu nedenle, bug\u00fcn aylarca iddianamesiz ve delilsiz tutukludur . Uygar bat\u0131n\u0131n ve Avrupa Birli\u011fi \u00fcyelerinin hi\u00e7 sesi solu\u011fu \u00e7\u0131kmamaktad\u0131r. Bu tutuklamalara uluslararas\u0131 destek , muhtemeldir ki, 16 Mart\u2019taki Trump(2.0) ile RTE aras\u0131ndaki yeni d\u00f6nem ili\u015fkilerde- milat say\u0131labilecek- telefon g\u00f6r\u00fc\u015fmesinde kar\u015f\u0131l\u0131kl\u0131 mutabakat sa\u011flanm\u0131\u015f ve teyid edilmi\u015ftir. Bu g\u00f6r\u00fc\u015fmeden hemen sonra E\u0130\u2019nin, \u00f6nce 18 Mart 2025 tarihinde diplomas\u0131 iptal edilmi\u015f, bir i\u00fcn sonrada(19 Mart 2025) -iddianamesiz ve delilsiz- tutuklanm\u0131\u015ft\u0131r. Ve aylard\u0131r tutukludur.<\/p>\n<p>Di\u011fer taraftan, Osmanl\u0131 Millet Sistemi Projesinin \u00f6n\u00fcnde di\u011fer bir engelde T\u00fcrkiye Cumhuriyeti\u2019nin Kurucu Partisi partisi, CHP nin 38. Ola\u011fan Genel kurultay\u0131n\u0131n iptali i\u00e7inde dava a\u00e7\u0131larak yarg\u0131 sopas\u0131 harekete ge\u00e7irilmi\u015ftir.<\/p>\n<p>T\u00fcm bu geli\u015fmelere paralel olarak, Kanal \u0130stanbul g\u00fczergah\u0131nda, TOK\u0130 taraf\u0131ndan konut in\u015faatlar\u0131 ba\u015flat\u0131larak h\u0131zlanm\u0131\u015f, \u0130stanbul&#8217;un en \u00f6nemli su havzas\u0131 imara a\u00e7\u0131lm\u0131\u015ft\u0131r. Ama\u00e7, bu konutlar\u0131 bir an \u00f6nce yerli ve arap m\u00fc\u015fterilere satarak, Kanal \u0130stanbul g\u00fczergah\u0131na 4-5 milyonluk bir n\u00fcfusa \u00f6zel m\u00fclkiyet hakk\u0131n\u0131 vererek, Kanal \u0130stanbul\u2019u ger\u00e7ekle\u015ftirme yolunda projeyi hukuken geri d\u00f6n\u00fclmez bir noktaya getirmektir.<\/p>\n<p>Ancak 18 Mart 2025 tarihinde diploman\u0131n iptal edilmesiyle, beklenmedik bir \u015fekilde, T\u00fcrk gen\u00e7li\u011fi Sara\u00e7hane\u2018de polis barikatlar\u0131n\u0131 y\u0131karak ortaya \u00e7\u0131km\u0131\u015ft\u0131r. CHP nin Sara\u00e7nane gen\u00e7li\u011fine sahip \u00e7\u0131karak, Sara\u00e7hane mitingi ile ba\u015flayarak, her \u00e7ar\u015famba \u0130stanbul\u2019da, her Cumartesi g\u00fcn\u00fc de bir ilde, kitlesel mitinglere ba\u015flam\u0131\u015ft\u0131r. Haziran ay\u0131nda yap\u0131lmas\u0131 gereken, CHP 38.Kurultay Davas\u0131 duru\u015fmas\u0131 , Eyl\u00fcl 2025 tarihinde ertelenmek zorunda kal\u0131nm\u0131\u015ft\u0131r. Bundan sonrada, Kanal \u0130stanbul projesinin \u00f6n\u00fcndeki en b\u00fcy\u00fck engel T\u00fcrk gen\u00e7li\u011fi ve E\u0130 olacakt\u0131r<\/p>\n<p>KANAL \u0130STANBUL BOP PROJES\u0130N\u0130N B\u0130R A\u015eAMASIDIR<\/p>\n<p>Kanal \u0130stanbul ,BOP Projesi ile ama\u00e7lanan -b\u00fcy\u00fck K\u00fcrdistan ve Ermenistan- hayalleri ile \u0130srail&#8217;in hedefi ile uyumlu en \u00f6nemli a\u015famalardan biridir.<br \/>\nBu projeye engel olabilecek, Laik Suriye Devleti&#8217;nin toprak b\u00fct\u00fcnl\u00fc\u011f\u00fcn\u00fc ve rejimi T\u00fcrkiye\u2019nin de deste\u011fiyle yok edilmi\u015f, D\u00fcrziler ve aleviler \u0130srail&#8217;in kontrol\u00fcne verilmi\u015ftir.<br \/>\nKanaatimce Trump(2.0) ile RTE aras\u0131ndaki telefon g\u00f6r\u00fc\u015fmesinde di\u011fer teyit edilen bir konuda kuzeydeki YPG ve SDG blokunun, T\u00fcrkiye&#8217;ye ba\u011flanmas\u0131 olup, bunun altyap\u0131s\u0131 da haz\u0131rlanmaktad\u0131r.<\/p>\n<p>B\u00f6ylelikle, gelecekte uygun bir zamanlarda ve\/veya e\u015f zamanl\u0131 olarak Irak K\u00fcrt b\u00f6lgesi ile birlikte Suriye\u2019nen kuzeyi T\u00fcrkiye&#8217;ye ba\u011flanarak, Mustafa Kemal Atat\u00fcrk&#8217;\u00fcn \u00f6nderli\u011finde bat\u0131 emperyalizmine kar\u015f\u0131 kurdu\u011fu ve yurtta\u015fl\u0131k temeline dayanan ulus devletin y\u0131k\u0131larak -Osmanl\u0131 Millet Sistemi- (konfederasyonu) olarak olu\u015fturulaca\u011f\u0131n\u0131 \u00f6ng\u00f6rmekteyim. Yani ilk a\u015famada -Osmanl\u0131 Millet Sistemi &#8211; ile misak\u0131 milli s\u0131n\u0131rlar\u0131m\u0131z d\u0131\u015f\u0131ndaki K\u00fcrt ve Arap unsurlar \u00f6nceden federal b\u00f6lge haline getirilip, bu federal b\u00f6lgelerin (devlet\u00e7ik) b\u00fcrokrasilerini ve idare sistemlerini olu\u015fturduktan sonra, uzun vadede uygun zamanda referandum yoluyla ba\u011f\u0131ms\u0131zl\u0131klar\u0131n\u0131 ilan ederek ayr\u0131lmalar\u0131 planlanmaktad\u0131r(\u00f6nce yap\u0131\u015ft\u0131r, sonra ayr\u0131\u015ft\u0131r).<br \/>\nTom Barack\u2018\u0131n -Osmanl\u0131 Millet Sistemi- dillendirmesinden sonra; RTE&#8217;nin -T\u00fcrk -K\u00fcrt -Arap dillendirmesi de bu projeyi benimsedi\u011finin uluslararas\u0131 muhataplara subliminal mesaj\u0131d\u0131r. Ayr\u0131ca Tom Barrack\u2019\u0131n anayasam\u0131za ayk\u0131r\u0131 olan -Osmanl\u0131 Millet sistemi -ni bile bile tavsiye etmesine, AKP ve devlet b\u00fcrokrasisinden hi\u00e7bir itiraz gelmemesi de bu projenin bug\u00fcnk\u00fc AKP liderli\u011finin benimsendi\u011fini g\u00f6steren di\u011fer bir i\u015faret olarak g\u00f6r\u00fcyorum. Bug\u00fcne kadar CHP ve ADD Genel Merkezleri ve ba\u015fkanlar\u0131 d\u0131\u015f\u0131nda g\u00fc\u00e7l\u00fc bir itiraz bas\u0131na yans\u0131mam\u0131\u015ft\u0131r.<\/p>\n<p>Ba\u015fa d\u00f6necek olursak, MHP lideri Bah\u00e7eli\u2019nin 22 Ekim 2024 tarihinde, ter\u00f6ristba\u015f\u0131 \u00d6calan&#8217;\u0131n PKK&#8217;n\u0131n kendisini fesih etmesi ve silahl\u0131 m\u00fccadeleyi b\u0131rakt\u0131\u011f\u0131n\u0131 a\u00e7\u0131klamas\u0131 \u00e7a\u011fr\u0131s\u0131 ile iktidar\u0131n Ter\u00f6rs\u00fcz T\u00fcrkiye(TT) diye tan\u0131mlad\u0131\u011f\u0131 s\u00fcre\u00e7. bu plan\u0131n kamuoyuna yans\u0131yan ilk a\u015famas\u0131d\u0131r.<\/p>\n<p>Bu hamleyle, ilk olarak T\u00fcrkiye Cumhuriyet yurtta\u015flar\u0131n\u0131n, RTE\u2019nin ve cumhur ittifak\u0131na sempatisinin y\u00fckseltilmesi de ama\u00e7lanm\u0131\u015ft\u0131r.<\/p>\n<p>Ancak halk nezdinde geli\u015fmeler, tam tersine olmu\u015f, K\u00fcrt ve T\u00fcrk t\u00fcm T\u00fcrkiye Cumhuriyeti yurtta\u015flar\u0131m\u0131z tarihten gelen e\u015fsiz sezgileriyle bu hamlenin amac\u0131n\u0131 sezmi\u015f olup, yap\u0131lan anketlerde y\u00fcksek oranlarda Ter\u00f6rs\u00fcz T\u00fcrkiye (TT) denilen bu yapay s\u00fcrece inand\u0131r\u0131c\u0131 bulmad\u0131\u011f\u0131n\u0131 -d\u00fc\u011f\u00fcn de\u011fil, bayram de\u011fil, eni\u015ftem beni neden \u00f6pt\u00fc &#8211; diye sorarak temkinli yakla\u015fmaktad\u0131r.<br \/>\n\u00c7\u00fcnk\u00fc bilinmektedir ki , K\u00fcrtler ve T\u00fcrkler 1071&#8217;den \u00f6nce ve sonra hep birlikte ve i\u00e7 i\u00e7e olmu\u015flar, hi\u00e7 sava\u015fmam\u0131\u015flard\u0131r. Tarih boyunca ve \u00f6zellikle 20. y\u00fczy\u0131lda hem \u00c7anakkale&#8217;de hem de \u0130stiklal Sava\u015f\u0131&#8217;nda i\u015fgalcilere kar\u015f\u0131 d\u00fc\u015fmana kar\u015f\u0131 birlikte sava\u015fm\u0131\u015flard\u0131r.<br \/>\nO halde -kimle ne i\u00e7in- bar\u0131\u015f\u0131lacakt\u0131r? sorusu ortada durmaktad\u0131r.<br \/>\nPKK zaten uluslararas\u0131 hukukta tescillenmi\u015f mefta bir ter\u00f6r \u00f6rg\u00fct\u00fcd\u00fcr. \u00d6te yandan ter\u00f6rist ba\u015f\u0131 uluslararas\u0131 hukukta kabul g\u00f6rm\u00fc\u015f yarg\u0131lanma sonucu mahkum olmu\u015f, \u0130mral\u0131 Adas\u0131\u2019nda hapis cezas\u0131 s\u00fcrmektedir. Bu nedenle PKK ter\u00f6r \u00f6rg\u00fct\u00fc ve di\u011fer akt\u00f6rlerinin bar\u0131\u015f g\u00f6sterisi bu nedenle anlams\u0131z ve uluslararas\u0131 hukukta yok h\u00fckm\u00fcndedir.<br \/>\nT\u00fcm bunlara ra\u011fmen, bu sat\u0131rlar\u0131n yazar\u0131 da , T\u00fcrk halk\u0131 gibi , temkinli ve ku\u015fkuyla bakmaktad\u0131r.<\/p>\n<p>TBMM DE KURULAN KOM\u0130SYON TBMM \u0130\u00c7 T\u00dcZ\u00dc\u011e\u00dcNE UYGUN MUDUR?<\/p>\n<p>TBMM Ba\u015fkan\u0131 Numan Kurtulmu\u015f&#8217;un ba\u015fkanl\u0131\u011f\u0131nda kurulmu\u015f ve s\u00fcrd\u00fcr\u00fclen -s\u00f6zde bar\u0131\u015f ve demokrasi-komisyonunun meclis i\u00e7 t\u00fcz\u00fc\u011f\u00fcne uygun olarak kurulmad\u0131\u011f\u0131 iddialar\u0131 \u00f6nemlidir.<br \/>\n\u00d6te yandan , komisyonun temel amac\u0131n\u0131n -mevcut CB n\u0131n yeniden se\u00e7ilme hakk\u0131 verilerek iktidar\u0131n \u00f6mr\u00fcn\u00fc uzatmak ve -s\u00f6zde bar\u0131\u015fma s\u00fcreci- anayasal d\u00fczlemde yap\u0131lanlar\u0131 yasalla\u015ft\u0131rmak oldu\u011funa dair kuvvetli emare ve \u015f\u00fcpheler vard\u0131r.<br \/>\nO nedenle yap\u0131lan anketlerde T\u00fcrk halk\u0131 ve CHP taban\u0131, bu komisyonu samimi bulmad\u0131\u011f\u0131n\u0131 g\u00f6stermektedir.<\/p>\n<p>3 A\u011fustos 2025 de \u00e7al\u0131\u015fmalar\u0131na resmen ba\u015flayan komisyonun ,TBMM i\u00e7t\u00fcz\u00fc\u011f\u00fcne ayk\u0131r\u0131 olarak kurulmas\u0131 ve T\u00fcrkiye Cumhuriyeti\u2019nin kurucu Partisi CHP\u2019nin de ortak edilmeye \u00e7al\u0131\u015f\u0131lmas\u0131 , komisyonun anayasal de\u011fi\u015fiklikler g\u00fcndeme gelirse \u00f6nceli\u011fini AKP\u2019li cumhurba\u015fkan\u0131n\u0131n g\u00f6rev s\u00fcresinini DEM Parti deste\u011fi ile uzatmaya y\u00f6nelik oldu\u011fu \u015f\u00fcphesi \u00e7ok g\u00fc\u00e7l\u00fcd\u00fcr.<br \/>\nBu \u015f\u00fcphelerin zamanla giderilip giderilmeyece\u011fini komisyon \u00e7al\u0131\u015fmalar\u0131n\u0131n sonu\u00e7lar\u0131ndan g\u00f6rebilece\u011fiz.<\/p>\n<p>\u00dclkemizde ter\u00f6r\u00fcn ve 12 Eyl\u00fcl NATO darbesinde yap\u0131lan bilin\u00e7li hatalar\u0131n, bir daha asla ya\u015fanmamas\u0131 halinde her k\u00f6kenden T\u00fcrk vatanda\u015f\u0131n\u0131n anayasal yurtta\u015fl\u0131k hukuku temelinde t\u00fcm haklardan eksiksiz yararlanarak, sonsuza dek huzur i\u00e7inde ya\u015famas\u0131 bu sat\u0131rlar\u0131n yazar\u0131n\u0131n i\u00e7ten dile\u011fidir.<\/p>\n<p>Ancak, bu sorunun emperyal hayal ve projelerin arac\u0131 ve aparat\u0131 olmamas\u0131na ulusca dikkat etmeliyiz.<br \/>\nAncak,unutulmamal\u0131d\u0131r ki. her zaman oldu\u011fu gibi son s\u00f6z\u00fc T\u00fcrkiye Cumhuriyeti yurtta\u015flar\u0131n\u0131n s\u00f6yleyece\u011fine asla ku\u015fku duyulmamal\u0131d\u0131r.<\/p>\n","protected":false},"excerpt":{"rendered":"<p>Ayn\u0131 ba\u015fl\u0131kla \u00f6nceki iki yaz\u0131m\u0131zda, 16 Mart 2025 tarihinde ABD Ba\u015fkan\u0131 Donald Trump ile T\u00fcrkiye Cumhuriyeti Cumhurba\u015fkan\u0131 Recep Tayyip Erdo\u011fan(RTE) aras\u0131nda 16 Mart 2025 tarihinde yap\u0131lan ayr\u0131nt\u0131l\u0131 telefon g\u00f6r\u00fc\u015fmesinden sonra, D\u00fcnya\u2019da ve T\u00fcrkiye&#8217;de ya\u015fanan geli\u015fmelere de\u011finmi\u015ftik. Yaz\u0131m\u0131z\u0131n bu son b\u00f6l\u00fcm\u00fcnde emperyalizmin dikte etti\u011fi -Yeni Osmanl\u0131 Milleti -projesinin i\u00e7eri\u011fi hakk\u0131ndaki kendi g\u00f6zlem, \u00f6ng\u00f6r\u00fc ve d\u00fc\u015f\u00fcncelerimi payla\u015faca\u011f\u0131m. [&hellip;]<\/p>\n","protected":false},"author":13,"featured_media":105300,"comment_status":"open","ping_status":"open","sticky":false,"template":"","format":"standard","meta":{"footnotes":""},"categories":[28],"tags":[],"class_list":["post-105299","post","type-post","status-publish","format-standard","has-post-thumbnail","hentry","category-serdar-erkan"],"views":1523,"_links":{"self":[{"href":"https:\/\/mersingazetesi.com\/index.php\/wp-json\/wp\/v2\/posts\/105299","targetHints":{"allow":["GET"]}}],"collection":[{"href":"https:\/\/mersingazetesi.com\/index.php\/wp-json\/wp\/v2\/posts"}],"about":[{"href":"https:\/\/mersingazetesi.com\/index.php\/wp-json\/wp\/v2\/types\/post"}],"author":[{"embeddable":true,"href":"https:\/\/mersingazetesi.com\/index.php\/wp-json\/wp\/v2\/users\/13"}],"replies":[{"embeddable":true,"href":"https:\/\/mersingazetesi.com\/index.php\/wp-json\/wp\/v2\/comments?post=105299"}],"version-history":[{"count":0,"href":"https:\/\/mersingazetesi.com\/index.php\/wp-json\/wp\/v2\/posts\/105299\/revisions"}],"wp:featuredmedia":[{"embeddable":true,"href":"https:\/\/mersingazetesi.com\/index.php\/wp-json\/wp\/v2\/media\/105300"}],"wp:attachment":[{"href":"https:\/\/mersingazetesi.com\/index.php\/wp-json\/wp\/v2\/media?parent=105299"}],"wp:term":[{"taxonomy":"category","embeddable":true,"href":"https:\/\/mersingazetesi.com\/index.php\/wp-json\/wp\/v2\/categories?post=105299"},{"taxonomy":"post_tag","embeddable":true,"href":"https:\/\/mersingazetesi.com\/index.php\/wp-json\/wp\/v2\/tags?post=105299"}],"curies":[{"name":"wp","href":"https:\/\/api.w.org\/{rel}","templated":true}]}}