{"id":105241,"date":"2025-08-20T14:20:51","date_gmt":"2025-08-20T11:20:51","guid":{"rendered":"https:\/\/mersingazetesi.com\/?p=105241"},"modified":"2025-08-20T14:20:51","modified_gmt":"2025-08-20T11:20:51","slug":"kor-goze-parmak","status":"publish","type":"post","link":"https:\/\/mersingazetesi.com\/index.php\/2025\/08\/20\/kor-goze-parmak\/","title":{"rendered":"K\u00d6R G\u00d6ZE PARMAK!"},"content":{"rendered":"<div>\u0130ktidar\u0131n denetleyici ve d\u00fczenleyici orta\u011f\u0131 Devlet Bah\u00e7eli, \u0130BB Soru\u015fturmas\u0131na d\u00f6n\u00fck olarak zaman zaman a\u00e7\u0131klamalarda ve payla\u015f\u0131mlarda bulunuyor ve mealen \u015f\u00f6yle diyor!<\/div>\n<div>-Ekrem \u0130mamo\u011flu&#8217;nu ve arkada\u015flar\u0131n\u0131 bir an \u00f6nce yarg\u0131lay\u0131n ve bu meseleyi toplumun g\u00fcndeminden tamamen \u00e7\u0131kar\u0131n! Aksi halde, bu mesele uzad\u0131k\u00e7a arzu edilmeyen durumlar ortaya \u00e7\u0131kabilir ve iktidar olarak biz bu i\u015ften zararl\u0131 \u00e7\u0131kar\u0131z.<\/div>\n<div>Devlet Bah\u00e7eli, Ekrem \u0130mamo\u011flu ve arkada\u015flar\u0131 adaletli bir \u015fekilde yarg\u0131lans\u0131nlar demiyor. Tam aksine, yarg\u0131lans\u0131nlar ve hak ettikleri cezay\u0131 bir an \u00f6nce als\u0131nlar diyor. \u00c7\u00fcnk\u00fc Devlet Bah\u00e7eli, \u0130mamo\u011flu ve arkada\u015flar\u0131n\u0131n su\u00e7lu olduklar\u0131na inan\u0131yor. Su\u00e7lu olduklar\u0131na inanmasa bile i\u015fine, hesab\u0131na \u00f6yle geliyor. M\u00fccahit Birinci Vakas\u0131 ve arkas\u0131ndan gelen vakalar da bu uyar\u0131y\u0131 yapan Devlet Bah\u00e7eli&#8217;yi hakl\u0131 \u00e7\u0131kar\u0131yor. Ayr\u0131ca, iktidar yanl\u0131s\u0131 baz\u0131 avukatlar eliyle \u0130BB borsas\u0131 kuruldu\u011funda d\u00f6n\u00fck belgeli durumlar\u0131n ortaya \u00e7\u0131kmas\u0131, toplumda ciddi bir rahats\u0131zl\u0131k yarat\u0131yor. Bu ve benzeri olaylar y\u00fcz\u00fcnden bu operasyonlar\u0131n hukuki oldu\u011funa olan inan\u00e7 daha da azal\u0131yor. Nitekim, de\u011fi\u015fik kamuoyu ara\u015ft\u0131rma \u015firketleri taraf\u0131ndan s\u0131kl\u0131kla yap\u0131lan anket sonu\u00e7lar\u0131 da bu ger\u00e7e\u011fi do\u011fruluyor. \u0130ktidar yanl\u0131s\u0131 bas\u0131n ve medya da i\u015fin i\u00e7ine kat\u0131larak, d\u00f6rt bir koldan y\u00fcr\u00fct\u00fclen onca \u00e7aba ve gayrete ra\u011fmen, toplumun \u00f6nemli bir b\u00f6l\u00fcm\u00fc, (%60&#8217;\u0131) birdenbire bir yolsuzluk ve r\u00fc\u015fvet patlamas\u0131 olamayaca\u011f\u0131 ger\u00e7e\u011finden hareketle bu operasyonlar\u0131 siyasi buluyor. Gelin g\u00f6r\u00fcn ki, \u00d6zg\u00fcr \u00d6zel ve \u00e7evresindeki dar bir kadro, Bah\u00e7eli&#8217;nin a\u00e7\u0131klamalar\u0131n\u0131 ve payla\u015f\u0131mlar\u0131n\u0131 yanl\u0131\u015f okuyor. Bah\u00e7eli bile adaletli bir yarg\u0131lama istiyor diyerek hem Bah\u00e7eli&#8217;yi masumla\u015ft\u0131rmaya \u00e7al\u0131\u015f\u0131yorlar hem de kendilerini kand\u0131r\u0131yorlar. Oysa ki, Bah\u00e7eli&#8217;nin adaletli bir yarg\u0131lama falan istedi\u011fi yok. Bah\u00e7eli, yarg\u0131lamay\u0131 kocatmay\u0131n ve Ekrem \u0130mamo\u011flu ve arkada\u015flar\u0131n\u0131n defterini ivedilikle d\u00fcr\u00fcn diyor. Fakat ne hikmetse (?!) \u00d6zg\u00fcr \u00d6zel ve yak\u0131n \u00e7evresi bu ger\u00e7e\u011fi ya g\u00f6rm\u00fcyor ya da g\u00f6rmek istemiyor. B\u00fct\u00fcn bunlara ra\u011fmen, toplumun ezici \u00e7o\u011funlu\u011fu her \u015feyin ay\u0131rd\u0131nda. Yoksa, \u00d6zg\u00fcr \u00d6zel bu kadar kalabal\u0131k ve bu kadar uzun soluklu mitingleri asla yapamazd\u0131. Hele ki bu kavurucu s\u0131caklarda&#8230;<\/div>\n<div>Ne diyelim bilmem ki?!<\/div>\n<div>K\u00f6r g\u00f6ze parmak!<\/div>\n","protected":false},"excerpt":{"rendered":"<p>\u0130ktidar\u0131n denetleyici ve d\u00fczenleyici orta\u011f\u0131 Devlet Bah\u00e7eli, \u0130BB Soru\u015fturmas\u0131na d\u00f6n\u00fck olarak zaman zaman a\u00e7\u0131klamalarda ve payla\u015f\u0131mlarda bulunuyor ve mealen \u015f\u00f6yle diyor! -Ekrem \u0130mamo\u011flu&#8217;nu ve arkada\u015flar\u0131n\u0131 bir an \u00f6nce yarg\u0131lay\u0131n ve bu meseleyi toplumun g\u00fcndeminden tamamen \u00e7\u0131kar\u0131n! Aksi halde, bu mesele uzad\u0131k\u00e7a arzu edilmeyen durumlar ortaya \u00e7\u0131kabilir ve iktidar olarak biz bu i\u015ften zararl\u0131 \u00e7\u0131kar\u0131z. Devlet [&hellip;]<\/p>\n","protected":false},"author":14,"featured_media":104846,"comment_status":"open","ping_status":"open","sticky":false,"template":"","format":"standard","meta":{"footnotes":""},"categories":[47],"tags":[],"class_list":["post-105241","post","type-post","status-publish","format-standard","has-post-thumbnail","hentry","category-erdogan-serin"],"views":549,"_links":{"self":[{"href":"https:\/\/mersingazetesi.com\/index.php\/wp-json\/wp\/v2\/posts\/105241","targetHints":{"allow":["GET"]}}],"collection":[{"href":"https:\/\/mersingazetesi.com\/index.php\/wp-json\/wp\/v2\/posts"}],"about":[{"href":"https:\/\/mersingazetesi.com\/index.php\/wp-json\/wp\/v2\/types\/post"}],"author":[{"embeddable":true,"href":"https:\/\/mersingazetesi.com\/index.php\/wp-json\/wp\/v2\/users\/14"}],"replies":[{"embeddable":true,"href":"https:\/\/mersingazetesi.com\/index.php\/wp-json\/wp\/v2\/comments?post=105241"}],"version-history":[{"count":0,"href":"https:\/\/mersingazetesi.com\/index.php\/wp-json\/wp\/v2\/posts\/105241\/revisions"}],"wp:featuredmedia":[{"embeddable":true,"href":"https:\/\/mersingazetesi.com\/index.php\/wp-json\/wp\/v2\/media\/104846"}],"wp:attachment":[{"href":"https:\/\/mersingazetesi.com\/index.php\/wp-json\/wp\/v2\/media?parent=105241"}],"wp:term":[{"taxonomy":"category","embeddable":true,"href":"https:\/\/mersingazetesi.com\/index.php\/wp-json\/wp\/v2\/categories?post=105241"},{"taxonomy":"post_tag","embeddable":true,"href":"https:\/\/mersingazetesi.com\/index.php\/wp-json\/wp\/v2\/tags?post=105241"}],"curies":[{"name":"wp","href":"https:\/\/api.w.org\/{rel}","templated":true}]}}