{"id":104844,"date":"2025-08-14T12:51:19","date_gmt":"2025-08-14T09:51:19","guid":{"rendered":"https:\/\/mersingazetesi.com\/?p=104844"},"modified":"2025-08-14T14:34:18","modified_gmt":"2025-08-14T11:34:18","slug":"topuk-kiran-topuklu-efe-ozlem-cercioglu","status":"publish","type":"post","link":"https:\/\/mersingazetesi.com\/index.php\/2025\/08\/14\/topuk-kiran-topuklu-efe-ozlem-cercioglu\/","title":{"rendered":"TOPUK KIRAN TOPUKLU EFE! \u00d6ZLEM \u00c7ER\u00c7\u0130O\u011eLU"},"content":{"rendered":"<p>\u0130ki d\u00f6nem CHP milletvekilli\u011fi yapt\u0131ktan sonra, 2009&#8217;da CHP&#8217;den Ayd\u0131n B\u00fcy\u00fck\u015fehir Belediye Ba\u015fkan\u0131 se\u00e7ilen ve o g\u00fcnden bu yana kesintisiz olarak belediye ba\u015fkanl\u0131\u011f\u0131 yapan \u00d6zlem \u00c7er\u00e7io\u011flu&#8217;nun, topuk k\u0131rarak AK Parti&#8217;ye kat\u0131lmas\u0131, T\u00fcrk Siyasi Tarihi&#8217;ne &#8220;Topuk K\u0131ran Topuklu Efe Vakas\u0131&#8221; olarak ge\u00e7ecektir.<\/p>\n<div dir=\"ltr\"><\/div>\n<p>\u0130ster iktidardan muhalefete, isterse muhalefetten iktidara ge\u00e7sin, se\u00e7ilmi\u015flerin saf de\u011fi\u015ftirmesi siyasi eti\u011fe uygun de\u011fildir. Dolay\u0131s\u0131yla \u00d6zlem \u00c7er\u00e7io\u011flu&#8217;nun saf de\u011fi\u015ftirmesi de uygun de\u011fildir. Ayr\u0131ca, Ayd\u0131n B\u00fcy\u00fck\u015fehir Belediyesi&#8217;nin AK Parti&#8217;ye ge\u00e7mi\u015f olmas\u0131, bu Parti&#8217;ye oy bak\u0131m\u0131ndan bir \u015fey kazand\u0131rmayaca\u011f\u0131 gibi CHP&#8217;ye de oy kaybettirmeyecektir. Tam aksine, toplumsal r\u0131za \u00fcretip de tabanda b\u00fcy\u00fcmek varken, bunu beceremeyip, kayy\u0131mlarla ve transferlerle tavanda b\u00fcy\u00fcmeyi tercih eden AK Parti bu i\u015ften zararl\u0131 \u00e7\u0131kacakt\u0131r. \u00c7\u00fcnk\u00fc anketlerde y\u00fckseli\u015fte olan bir Parti&#8217;den d\u00fc\u015f\u00fc\u015fte olan bir Parti&#8217;ye ge\u00e7i\u015fin mant\u0131kl\u0131 hi\u00e7bir izah\u0131 yoktur. Hem topuk k\u0131ran Topuklu Efe hem de AK Parti, bu ge\u00e7i\u015fi Millete anlatamayacakt\u0131r. \u00d6zlem \u00c7er\u00e7io\u011flu gibi muammal\u0131 bir bi\u00e7imde parti de\u011fi\u015ftirenler de, t\u0131pk\u0131 kendilerinden \u00f6ncekiler gibi, yeni partilerinde dilleri tutulmu\u015f zavall\u0131 birer siyaset\u00e7i olarak kalacaklard\u0131r. T\u00fcrk se\u00e7meni, mant\u0131kl\u0131 bir gerek\u00e7esi olmad\u0131\u011f\u0131 s\u00fcrece bu t\u00fcr ge\u00e7i\u015fleri kendisine ihanet olarak g\u00f6r\u00fcyor ve kesinlikle affetmiyor. Ayd\u0131n Halk\u0131, topuk k\u0131ran Topuklu Efe&#8217;ye gerekli cezay\u0131 kesip, ilk se\u00e7imde tarihin \u00e7\u00f6pl\u00fc\u011f\u00fcne s\u00fcp\u00fcrecektir. Dahas\u0131, bu olay, \u0130stanbul merkezli y\u00fcr\u00fct\u00fclen belediye operasyonlar\u0131n\u0131n siyasi oldu\u011funa dair iddialara da g\u00fc\u00e7 ve hakl\u0131l\u0131k kazand\u0131racakt\u0131r. Yap\u0131lan anketlerden de anla\u015f\u0131laca\u011f\u0131 \u00fczere, y\u00fcr\u00fct\u00fclen operasyonlar\u0131n hukuki oldu\u011funa inanmayan T\u00fcrk Toplumu, bu ya\u015fananlardan sonra hi\u00e7 inanmayacakt\u0131r.<\/p>\n","protected":false},"excerpt":{"rendered":"<p>\u0130ki d\u00f6nem CHP milletvekilli\u011fi yapt\u0131ktan sonra, 2009&#8217;da CHP&#8217;den Ayd\u0131n B\u00fcy\u00fck\u015fehir Belediye Ba\u015fkan\u0131 se\u00e7ilen ve o g\u00fcnden bu yana kesintisiz olarak belediye ba\u015fkanl\u0131\u011f\u0131 yapan \u00d6zlem \u00c7er\u00e7io\u011flu&#8217;nun, topuk k\u0131rarak AK Parti&#8217;ye kat\u0131lmas\u0131, T\u00fcrk Siyasi Tarihi&#8217;ne &#8220;Topuk K\u0131ran Topuklu Efe Vakas\u0131&#8221; olarak ge\u00e7ecektir. \u0130ster iktidardan muhalefete, isterse muhalefetten iktidara ge\u00e7sin, se\u00e7ilmi\u015flerin saf de\u011fi\u015ftirmesi siyasi eti\u011fe uygun de\u011fildir. Dolay\u0131s\u0131yla [&hellip;]<\/p>\n","protected":false},"author":14,"featured_media":104846,"comment_status":"open","ping_status":"open","sticky":false,"template":"","format":"standard","meta":{"footnotes":""},"categories":[47],"tags":[],"class_list":["post-104844","post","type-post","status-publish","format-standard","has-post-thumbnail","hentry","category-erdogan-serin"],"views":526,"_links":{"self":[{"href":"https:\/\/mersingazetesi.com\/index.php\/wp-json\/wp\/v2\/posts\/104844","targetHints":{"allow":["GET"]}}],"collection":[{"href":"https:\/\/mersingazetesi.com\/index.php\/wp-json\/wp\/v2\/posts"}],"about":[{"href":"https:\/\/mersingazetesi.com\/index.php\/wp-json\/wp\/v2\/types\/post"}],"author":[{"embeddable":true,"href":"https:\/\/mersingazetesi.com\/index.php\/wp-json\/wp\/v2\/users\/14"}],"replies":[{"embeddable":true,"href":"https:\/\/mersingazetesi.com\/index.php\/wp-json\/wp\/v2\/comments?post=104844"}],"version-history":[{"count":0,"href":"https:\/\/mersingazetesi.com\/index.php\/wp-json\/wp\/v2\/posts\/104844\/revisions"}],"wp:featuredmedia":[{"embeddable":true,"href":"https:\/\/mersingazetesi.com\/index.php\/wp-json\/wp\/v2\/media\/104846"}],"wp:attachment":[{"href":"https:\/\/mersingazetesi.com\/index.php\/wp-json\/wp\/v2\/media?parent=104844"}],"wp:term":[{"taxonomy":"category","embeddable":true,"href":"https:\/\/mersingazetesi.com\/index.php\/wp-json\/wp\/v2\/categories?post=104844"},{"taxonomy":"post_tag","embeddable":true,"href":"https:\/\/mersingazetesi.com\/index.php\/wp-json\/wp\/v2\/tags?post=104844"}],"curies":[{"name":"wp","href":"https:\/\/api.w.org\/{rel}","templated":true}]}}