{"id":104514,"date":"2025-08-10T17:16:13","date_gmt":"2025-08-10T14:16:13","guid":{"rendered":"https:\/\/mersingazetesi.com\/?p=104514"},"modified":"2025-08-10T17:16:13","modified_gmt":"2025-08-10T14:16:13","slug":"dubalar-gitti-bisiklet-yolu-elden-gidiyor","status":"publish","type":"post","link":"https:\/\/mersingazetesi.com\/index.php\/2025\/08\/10\/dubalar-gitti-bisiklet-yolu-elden-gidiyor\/","title":{"rendered":"Dubalar Gitti, Bisiklet Yolu Elden Gidiyor!"},"content":{"rendered":"<div>Mersin\u2019in sahil \u015feridi, bu kentin g\u00f6zbebe\u011fi\u2026<\/div>\n<div>Y\u00fcr\u00fcy\u00fc\u015f yapanlar, ko\u015fucular, bisikletliler i\u00e7in nefes alma noktas\u0131. Bir zamanlar bisiklet yollar\u0131m\u0131z\u0131n kenar\u0131nda dubalar vard\u0131; ara\u00e7lar\u0131n park etmesini engelleyen, bisikletlilerin g\u00fcvenle yol almas\u0131n\u0131 sa\u011flayan\u2026<\/div>\n<div dir=\"ltr\"><\/div>\n<div>Ama o dubalar kald\u0131r\u0131ld\u0131.<\/div>\n<div>Ve ne oldu biliyor musunuz?<\/div>\n<div>Her ak\u015fam, bisiklet yollar\u0131 otoparka d\u00f6n\u00fcyor. Aileler \u00e7ocuklar\u0131na pedal \u00e7evirmeyi \u00f6\u011fretemiyor, bisikletliler ani manevralarla ara\u00e7lardan ka\u00e7\u0131yor.<\/div>\n<div>Bu, sadece bir g\u00f6r\u00fcnt\u00fc kirlili\u011fi de\u011fil; can g\u00fcvenli\u011fi meselesi!<\/div>\n<div dir=\"ltr\"><\/div>\n<div>Buradan yerel y\u00f6netime sesleniyorum:<\/div>\n<div>Bu kentin sahili, ara\u00e7lar\u0131n de\u011fil insanlar\u0131n hakk\u0131d\u0131r. Dubalar geri gelmeli, gerekirse demir dubalarla kal\u0131c\u0131 bir koruma sa\u011flanmal\u0131.<\/div>\n<div>Denetimler art\u0131r\u0131lmal\u0131, ceza cayd\u0131r\u0131c\u0131 olmal\u0131.<\/div>\n<div dir=\"ltr\"><\/div>\n<div>Ve bu \u00e7a\u011fr\u0131 sadece y\u00f6netime de\u011fil\u2026<\/div>\n<div>Mersin\u2019deki t\u00fcm sivil toplum kurulu\u015flar\u0131na, bisiklet derneklerine, \u00e7evre platformlar\u0131na da sesleniyorum:<\/div>\n<div>Bu mesele hepimizin meselesi!<\/div>\n<div>Sahil yolumuz, \u015fehrimizin ortak de\u011feri. Sessiz kal\u0131rsak, yar\u0131n \u00e7ok ge\u00e7 olabilir.<\/div>\n<div dir=\"ltr\"><\/div>\n<div>Mersin, sahiliyle, do\u011fas\u0131yla, spor alanlar\u0131yla g\u00fczel.<\/div>\n<div>Ama o g\u00fczellik, korumad\u0131\u011f\u0131m\u0131z s\u00fcrece elimizden kay\u0131p gider.<\/div>\n<div>Bisiklet yolu, bisikletlinindir. Dubalar geri gelmeli\u2026<\/div>\n","protected":false},"excerpt":{"rendered":"<p>Mersin\u2019in sahil \u015feridi, bu kentin g\u00f6zbebe\u011fi\u2026 Y\u00fcr\u00fcy\u00fc\u015f yapanlar, ko\u015fucular, bisikletliler i\u00e7in nefes alma noktas\u0131. Bir zamanlar bisiklet yollar\u0131m\u0131z\u0131n kenar\u0131nda dubalar vard\u0131; ara\u00e7lar\u0131n park etmesini engelleyen, bisikletlilerin g\u00fcvenle yol almas\u0131n\u0131 sa\u011flayan\u2026 Ama o dubalar kald\u0131r\u0131ld\u0131. Ve ne oldu biliyor musunuz? Her ak\u015fam, bisiklet yollar\u0131 otoparka d\u00f6n\u00fcyor. Aileler \u00e7ocuklar\u0131na pedal \u00e7evirmeyi \u00f6\u011fretemiyor, bisikletliler ani manevralarla ara\u00e7lardan ka\u00e7\u0131yor. [&hellip;]<\/p>\n","protected":false},"author":23,"featured_media":104174,"comment_status":"open","ping_status":"open","sticky":false,"template":"","format":"standard","meta":{"footnotes":""},"categories":[122],"tags":[],"class_list":["post-104514","post","type-post","status-publish","format-standard","has-post-thumbnail","hentry","category-hatice-akarca"],"views":948,"_links":{"self":[{"href":"https:\/\/mersingazetesi.com\/index.php\/wp-json\/wp\/v2\/posts\/104514","targetHints":{"allow":["GET"]}}],"collection":[{"href":"https:\/\/mersingazetesi.com\/index.php\/wp-json\/wp\/v2\/posts"}],"about":[{"href":"https:\/\/mersingazetesi.com\/index.php\/wp-json\/wp\/v2\/types\/post"}],"author":[{"embeddable":true,"href":"https:\/\/mersingazetesi.com\/index.php\/wp-json\/wp\/v2\/users\/23"}],"replies":[{"embeddable":true,"href":"https:\/\/mersingazetesi.com\/index.php\/wp-json\/wp\/v2\/comments?post=104514"}],"version-history":[{"count":0,"href":"https:\/\/mersingazetesi.com\/index.php\/wp-json\/wp\/v2\/posts\/104514\/revisions"}],"wp:featuredmedia":[{"embeddable":true,"href":"https:\/\/mersingazetesi.com\/index.php\/wp-json\/wp\/v2\/media\/104174"}],"wp:attachment":[{"href":"https:\/\/mersingazetesi.com\/index.php\/wp-json\/wp\/v2\/media?parent=104514"}],"wp:term":[{"taxonomy":"category","embeddable":true,"href":"https:\/\/mersingazetesi.com\/index.php\/wp-json\/wp\/v2\/categories?post=104514"},{"taxonomy":"post_tag","embeddable":true,"href":"https:\/\/mersingazetesi.com\/index.php\/wp-json\/wp\/v2\/tags?post=104514"}],"curies":[{"name":"wp","href":"https:\/\/api.w.org\/{rel}","templated":true}]}}