{"id":104439,"date":"2025-08-09T18:17:22","date_gmt":"2025-08-09T15:17:22","guid":{"rendered":"https:\/\/mersingazetesi.com\/?p=104439"},"modified":"2025-08-09T18:19:04","modified_gmt":"2025-08-09T15:19:04","slug":"mersinde-cinayet-gibi-kazada-16-yasindaki-cocuk-hayatini-kaybetti","status":"publish","type":"post","link":"https:\/\/mersingazetesi.com\/index.php\/2025\/08\/09\/mersinde-cinayet-gibi-kazada-16-yasindaki-cocuk-hayatini-kaybetti\/","title":{"rendered":"Mersin&#8217;de cinayet gibi kazada 16 ya\u015f\u0131ndaki \u00e7ocuk hayat\u0131n\u0131 kaybetti"},"content":{"rendered":"<p>Mersin&#8217;de bir tamir at\u00f6lyesinde t\u0131r\u0131n alt\u0131ndaki bak\u0131m malzemelerini almak isteyen 16 ya\u015f\u0131ndaki \u00e7ocu\u011fun, paray\u0131 \u00f6dememek i\u00e7in s\u00fcr\u00fcc\u00fcn\u00fcn t\u0131r\u0131 h\u0131zla hareket ettirmesi sonucu ezilerek hayat\u0131n\u0131 kaybetti\u011fi iddia edildi. Baba ve yak\u0131nlar\u0131n\u0131n cinayet olarak yorumlad\u0131klar\u0131 olayla ilgili \u015f\u00fcphelinin en a\u011f\u0131r cezay\u0131 almas\u0131 istendi.<br \/>\nOlay, \u00f6nceki g\u00fcn merkez Akdeniz \u0130l\u00e7esi Huzurkent Mahallesi D-400 karayolu kenar\u0131ndaki bir tamir at\u00f6lyesi \u00f6n\u00fcnde ya\u015fand\u0131. \u0130ddiaya g\u00f6re, t\u0131ra bak\u0131m yapt\u0131ran s\u00fcr\u00fcc\u00fc U.F. (23) , para meselesi nedeniyle anla\u015fmazl\u0131k ya\u015fad\u0131. Bu s\u0131rada paray\u0131 \u00f6demeyerek t\u0131ra binen s\u00fcr\u00fcc\u00fc, bak\u0131m malzemelerini almak i\u00e7in alta giren 16 ya\u015f\u0131ndaki Emir K\u0131l\u0131n\u00e7&#8217;\u0131 ezerek olay yerinden ka\u00e7t\u0131. T\u0131r\u0131n \u00fczerinden ge\u00e7ti\u011fi gen\u00e7, can havliyle kalkarak yard\u0131m istedikten sonra yere y\u0131\u011f\u0131ld\u0131. Olay yerine \u00e7a\u011fr\u0131lan sa\u011fl\u0131k ekipleri a\u011f\u0131r yaralanan genci hastaneye kald\u0131rd\u0131 ancak yap\u0131lan m\u00fcdahalelere ra\u011fmen kurtar\u0131lamayarak hayat\u0131n\u0131 kaybetti.<\/p>\n<p>Olay an\u0131 kamerada<br \/>\nT\u0131r s\u00fcr\u00fcc\u00fcs\u00fc \u015f\u00fcpheli ise g\u00fcvenlik g\u00fc\u00e7leri taraf\u0131ndan yakalanarak g\u00f6zalt\u0131na al\u0131nd\u0131. S\u00fcr\u00fcc\u00fc U.F. ile ilgili soru\u015fturman\u0131n s\u00fcrd\u00fc\u011f\u00fc bildirildi. Olay an\u0131 ise bir ba\u015fka i\u015f yerinin g\u00fcvenlik kameras\u0131na saniye saniye yans\u0131d\u0131. G\u00f6r\u00fcnt\u00fclerde, t\u0131r\u0131n hareket etmesiyle \u00fczerinden ge\u00e7ti\u011fi Emir&#8217;in, ac\u0131 i\u00e7inde can havli ile kalk\u0131p i\u015f yerine gitme anlar\u0131 yer ald\u0131.<\/p>\n<p>Aile: &#8220;Bu bir cinayettir&#8221;<br \/>\nAnne \u00c7i\u011fdem (40) ve Levet K\u0131l\u0131n\u00e7 (46) \u00e7iftinin 2 \u00e7ocu\u011fundan b\u00fcy\u00fc\u011f\u00fc olan Emir&#8217;in cenazesi ya\u015fad\u0131klar\u0131 Adanal\u0131o\u011flu Mahallesi Mezarl\u0131\u011f\u0131n&#8217;da defin edildi. Aile mahallede taziyeleri kabul ederken, \u015f\u00fcphelinin hak etti\u011fi cezay\u0131 almas\u0131 istendi.<br \/>\nOlay\u0131n bir cinayet oldu\u011funu belirten ac\u0131l\u0131 baba Levent K\u0131l\u0131n\u00e7, &#8220;Bu bir cinayettir, sonuna kadar m\u00fccadele edece\u011fiz. Bu m\u00fccadeleyi b\u0131rakm\u0131yoruz, adaletli bir \u015fekilde cezaland\u0131r\u0131lmas\u0131n\u0131 istiyoruz&#8221; dedi.<br \/>\nKazada hayat\u0131n\u0131 kaybeden gencin kuzeninin o\u011flu oldu\u011funu belirten Adanal\u0131o\u011flu Mahallesi Muhtar\u0131 \u0130sa Sakar, &#8220;Kuzenimin o\u011flu ne yaz\u0131k ki bir cinayete kurban gitti. Ald\u0131\u011f\u0131m\u0131z bilgiye g\u00f6re, kuzenimin o\u011flu para talep ediyor, \u015fof\u00f6r vermiyor. Arac\u0131n alt\u0131ndan malzemeleri al\u0131rken \u015fof\u00f6r arac\u0131 h\u0131zl\u0131 bir \u015fekilde hareket ettirmi\u015f. Ailesi peri\u015fan oldu, adalet istiyoruz. Biz T\u00fcrk yarg\u0131s\u0131na g\u00fcveniyoruz&#8221; diye konu\u015ftu.<\/p>\n","protected":false},"excerpt":{"rendered":"<p>Mersin&#8217;de bir tamir at\u00f6lyesinde t\u0131r\u0131n alt\u0131ndaki bak\u0131m malzemelerini almak isteyen 16 ya\u015f\u0131ndaki \u00e7ocu\u011fun, paray\u0131 \u00f6dememek i\u00e7in s\u00fcr\u00fcc\u00fcn\u00fcn t\u0131r\u0131 h\u0131zla hareket ettirmesi sonucu ezilerek hayat\u0131n\u0131 kaybetti\u011fi iddia edildi. Baba ve yak\u0131nlar\u0131n\u0131n cinayet olarak yorumlad\u0131klar\u0131 olayla ilgili \u015f\u00fcphelinin en a\u011f\u0131r cezay\u0131 almas\u0131 istendi. Olay, \u00f6nceki g\u00fcn merkez Akdeniz \u0130l\u00e7esi Huzurkent Mahallesi D-400 karayolu kenar\u0131ndaki bir tamir at\u00f6lyesi [&hellip;]<\/p>\n","protected":false},"author":2,"featured_media":104440,"comment_status":"open","ping_status":"open","sticky":false,"template":"","format":"standard","meta":{"footnotes":""},"categories":[1],"tags":[],"class_list":["post-104439","post","type-post","status-publish","format-standard","has-post-thumbnail","hentry","category-gundem"],"views":246,"_links":{"self":[{"href":"https:\/\/mersingazetesi.com\/index.php\/wp-json\/wp\/v2\/posts\/104439","targetHints":{"allow":["GET"]}}],"collection":[{"href":"https:\/\/mersingazetesi.com\/index.php\/wp-json\/wp\/v2\/posts"}],"about":[{"href":"https:\/\/mersingazetesi.com\/index.php\/wp-json\/wp\/v2\/types\/post"}],"author":[{"embeddable":true,"href":"https:\/\/mersingazetesi.com\/index.php\/wp-json\/wp\/v2\/users\/2"}],"replies":[{"embeddable":true,"href":"https:\/\/mersingazetesi.com\/index.php\/wp-json\/wp\/v2\/comments?post=104439"}],"version-history":[{"count":0,"href":"https:\/\/mersingazetesi.com\/index.php\/wp-json\/wp\/v2\/posts\/104439\/revisions"}],"wp:featuredmedia":[{"embeddable":true,"href":"https:\/\/mersingazetesi.com\/index.php\/wp-json\/wp\/v2\/media\/104440"}],"wp:attachment":[{"href":"https:\/\/mersingazetesi.com\/index.php\/wp-json\/wp\/v2\/media?parent=104439"}],"wp:term":[{"taxonomy":"category","embeddable":true,"href":"https:\/\/mersingazetesi.com\/index.php\/wp-json\/wp\/v2\/categories?post=104439"},{"taxonomy":"post_tag","embeddable":true,"href":"https:\/\/mersingazetesi.com\/index.php\/wp-json\/wp\/v2\/tags?post=104439"}],"curies":[{"name":"wp","href":"https:\/\/api.w.org\/{rel}","templated":true}]}}