{"id":104436,"date":"2025-08-09T18:16:45","date_gmt":"2025-08-09T15:16:45","guid":{"rendered":"https:\/\/mersingazetesi.com\/?p=104436"},"modified":"2025-08-09T18:16:45","modified_gmt":"2025-08-09T15:16:45","slug":"mersin-mutun-kirsal-mahalleleri-su-sorununa-cozum-istedi","status":"publish","type":"post","link":"https:\/\/mersingazetesi.com\/index.php\/2025\/08\/09\/mersin-mutun-kirsal-mahalleleri-su-sorununa-cozum-istedi\/","title":{"rendered":"Mersin Mut&#8217;un k\u0131rsal mahalleleri su sorununa \u00e7\u00f6z\u00fcm istedi"},"content":{"rendered":"<p>Mersin&#8217;in Mut il\u00e7esine ba\u011fl\u0131 baz\u0131 k\u0131rsal mahallelerde vatanda\u015flar, y\u0131llard\u0131r devam eden i\u00e7me suyu s\u0131k\u0131nt\u0131s\u0131n\u0131n art\u0131k \u00e7\u00f6z\u00fcme kavu\u015fturulmas\u0131n\u0131 istedi.<br \/>\n\u0130l\u00e7eye ba\u011fl\u0131 Haydar Mahallesi ba\u015fta olmak \u00fczere \u00c7a\u011flayangedik, Kurtsuyu, Kemenli, Karadiken, Tu\u011frul, Hisar, \u00c7ortak ve G\u00f6cekler mahallelerinde ya\u015fayan vatanda\u015flar, yaz mevsiminde her y\u0131l ya\u015fanan susuzlu\u011fa kar\u015f\u0131 \u00e7a\u011fr\u0131da bulundu. Haydar Mahallesi Muhtar\u0131 Mehmet I\u015f\u0131k ve mahalle sakinleri, akmayan \u00e7e\u015fmelerin \u00f6n\u00fcnde toplanarak su sorunu dile getirdi.<br \/>\nHaydar Mahallesi Muhtar\u0131 Mehmet I\u015f\u0131k, 2019&#8217;dan bu yana ciddi su s\u0131k\u0131nt\u0131s\u0131 ya\u015fad\u0131klar\u0131n\u0131 belirterek, &#8220;Defalarca ba\u015fvuruda bulunduk ama \u00e7\u00f6z\u00fcm \u00fcretilmedi. Yakla\u015f\u0131k 75 g\u00fcnd\u00fcr neredeyse hi\u00e7 su akm\u0131yor. G\u00fcnde bir tanker su getiriliyor, o da ancak borular\u0131 dolduruyor. Vatanda\u015flar su ihtiyac\u0131n\u0131 \u00e7evre k\u00f6ylerden bidonlarla ta\u015f\u0131yarak kar\u015f\u0131l\u0131yor&#8221; dedi.<br \/>\nI\u015f\u0131k, i\u00e7me suyunun Kayaba\u015f\u0131 Mahallesi&#8217;nden gelen 19 kilometrelik bir hattan sa\u011fland\u0131\u011f\u0131n\u0131 ancak bu hatt\u0131n s\u0131k s\u0131k ar\u0131zaland\u0131\u011f\u0131n\u0131 belirterek \u00e7\u00f6z\u00fcm \u00f6nerisini dile getirdi. I\u015f\u0131k &#8220;G\u00f6ksu Irma\u011f\u0131 k\u00f6y\u00fcm\u00fcze sadece 4 kilometre mesafede. Oradan sondajla su temin edilip k\u00f6y\u00fcm\u00fcze getirilebilir&#8221; ifadelerini kulland\u0131.<br \/>\nMahallede ya\u015fayan kad\u0131nlar da su s\u0131k\u0131nt\u0131s\u0131ndan dert yand\u0131. Kad\u0131nlar, &#8220;K\u00f6y\u00fcm\u00fcz\u00fcn yukar\u0131s\u0131na vurulan sondaj sular\u0131m\u0131z\u0131 kesti. Bir tanker su getirip d\u00f6k\u00fcyorlar. Su yok, du\u015f alam\u0131yoruz, kirli geziyoruz&#8221; diye konu\u015ftu.<br \/>\nSuyun \u00f6zellikle yaz aylar\u0131nda kesildi\u011fini, k\u0131\u015f aylar\u0131nda ise b\u00f6yle bir sorunun ya\u015fanmad\u0131\u011f\u0131n\u0131 anlatan kad\u0131nlar, susuzlu\u011fa art\u0131k bir \u00e7are bulunmas\u0131n\u0131 istedi.<\/p>\n","protected":false},"excerpt":{"rendered":"<p>Mersin&#8217;in Mut il\u00e7esine ba\u011fl\u0131 baz\u0131 k\u0131rsal mahallelerde vatanda\u015flar, y\u0131llard\u0131r devam eden i\u00e7me suyu s\u0131k\u0131nt\u0131s\u0131n\u0131n art\u0131k \u00e7\u00f6z\u00fcme kavu\u015fturulmas\u0131n\u0131 istedi. \u0130l\u00e7eye ba\u011fl\u0131 Haydar Mahallesi ba\u015fta olmak \u00fczere \u00c7a\u011flayangedik, Kurtsuyu, Kemenli, Karadiken, Tu\u011frul, Hisar, \u00c7ortak ve G\u00f6cekler mahallelerinde ya\u015fayan vatanda\u015flar, yaz mevsiminde her y\u0131l ya\u015fanan susuzlu\u011fa kar\u015f\u0131 \u00e7a\u011fr\u0131da bulundu. Haydar Mahallesi Muhtar\u0131 Mehmet I\u015f\u0131k ve mahalle sakinleri, akmayan [&hellip;]<\/p>\n","protected":false},"author":2,"featured_media":104437,"comment_status":"open","ping_status":"open","sticky":false,"template":"","format":"standard","meta":{"footnotes":""},"categories":[1],"tags":[],"class_list":["post-104436","post","type-post","status-publish","format-standard","has-post-thumbnail","hentry","category-gundem"],"views":242,"_links":{"self":[{"href":"https:\/\/mersingazetesi.com\/index.php\/wp-json\/wp\/v2\/posts\/104436","targetHints":{"allow":["GET"]}}],"collection":[{"href":"https:\/\/mersingazetesi.com\/index.php\/wp-json\/wp\/v2\/posts"}],"about":[{"href":"https:\/\/mersingazetesi.com\/index.php\/wp-json\/wp\/v2\/types\/post"}],"author":[{"embeddable":true,"href":"https:\/\/mersingazetesi.com\/index.php\/wp-json\/wp\/v2\/users\/2"}],"replies":[{"embeddable":true,"href":"https:\/\/mersingazetesi.com\/index.php\/wp-json\/wp\/v2\/comments?post=104436"}],"version-history":[{"count":0,"href":"https:\/\/mersingazetesi.com\/index.php\/wp-json\/wp\/v2\/posts\/104436\/revisions"}],"wp:featuredmedia":[{"embeddable":true,"href":"https:\/\/mersingazetesi.com\/index.php\/wp-json\/wp\/v2\/media\/104437"}],"wp:attachment":[{"href":"https:\/\/mersingazetesi.com\/index.php\/wp-json\/wp\/v2\/media?parent=104436"}],"wp:term":[{"taxonomy":"category","embeddable":true,"href":"https:\/\/mersingazetesi.com\/index.php\/wp-json\/wp\/v2\/categories?post=104436"},{"taxonomy":"post_tag","embeddable":true,"href":"https:\/\/mersingazetesi.com\/index.php\/wp-json\/wp\/v2\/tags?post=104436"}],"curies":[{"name":"wp","href":"https:\/\/api.w.org\/{rel}","templated":true}]}}