{"id":104411,"date":"2025-08-08T12:27:13","date_gmt":"2025-08-08T09:27:13","guid":{"rendered":"https:\/\/mersingazetesi.com\/?p=104411"},"modified":"2025-08-08T12:27:13","modified_gmt":"2025-08-08T09:27:13","slug":"sahilden-plastik-cam-ve-cesitli-atiklar-toplandi","status":"publish","type":"post","link":"https:\/\/mersingazetesi.com\/index.php\/2025\/08\/08\/sahilden-plastik-cam-ve-cesitli-atiklar-toplandi\/","title":{"rendered":"Sahilden plastik, cam ve \u00e7e\u015fitli at\u0131klar topland\u0131"},"content":{"rendered":"<p><strong class=\"searchword\">Mersin<\/strong>&#8216;in Silifke il\u00e7esinde plastik, cam ve \u00e7e\u015fitli at\u0131klar toplanarak sahil temizlendi.<br \/>\nTa\u015fucu Mahallesi&#8217;nde &#8220;Denizlere Mavi Yak\u0131\u015f\u0131r&#8221;, &#8220;\u00c7evremizi Temiz Tutal\u0131m&#8221; slogan\u0131 ile sahilde temzlik \u00e7al\u0131\u015fmas\u0131 yap\u0131ld\u0131. Liman \u00e7al\u0131\u015fanlar\u0131n\u0131n kat\u0131ld\u0131\u011f\u0131 \u00e7al\u0131\u015fmada, bilin\u00e7siz olarak at\u0131lan \u00e7ok miktarda at\u0131k madde toplanarak duyarl\u0131l\u0131k mesaj verildi.<br \/>\n\u00c7evre M\u00fchendisi Semiha Otnay, &#8220;Ta\u015fucu Mahallemizin sahilinde &#8216;Denizlere Mavi Yak\u0131\u015f\u0131r&#8217;, &#8216;\u00c7evremizi Temiz Tutal\u0131m&#8217; slogan\u0131 ad\u0131 alt\u0131nda \u00e7evre temizli\u011fi \u00e7al\u0131\u015fmas\u0131 ger\u00e7ekle\u015ftirdik&#8221; dedi.<br \/>\nOtnay konu\u015fmas\u0131n\u0131n devam\u0131nda, &#8220;Bug\u00fcn Ta\u015fucu Mahallesi&#8217;nde \u00e7ok g\u00fczel bir etkinlik yapt\u0131k. Silifke&#8217;de birlikte ya\u015f\u0131yoruz, ya\u015fad\u0131\u011f\u0131m\u0131z yerleri birlikte temiz tutmal\u0131y\u0131z. Bunun i\u00e7in buralar\u0131n temizlenmesi ad\u0131na \u00e7ok g\u00fczel bir etkinlik ger\u00e7ekle\u015ftirdik. Bu t\u00fcrl\u00fc etkinliklerimiz zamanla devam edecek&#8221; diye konu\u015ftu.<\/p>\n","protected":false},"excerpt":{"rendered":"<p>Mersin&#8216;in Silifke il\u00e7esinde plastik, cam ve \u00e7e\u015fitli at\u0131klar toplanarak sahil temizlendi. Ta\u015fucu Mahallesi&#8217;nde &#8220;Denizlere Mavi Yak\u0131\u015f\u0131r&#8221;, &#8220;\u00c7evremizi Temiz Tutal\u0131m&#8221; slogan\u0131 ile sahilde temzlik \u00e7al\u0131\u015fmas\u0131 yap\u0131ld\u0131. Liman \u00e7al\u0131\u015fanlar\u0131n\u0131n kat\u0131ld\u0131\u011f\u0131 \u00e7al\u0131\u015fmada, bilin\u00e7siz olarak at\u0131lan \u00e7ok miktarda at\u0131k madde toplanarak duyarl\u0131l\u0131k mesaj verildi. \u00c7evre M\u00fchendisi Semiha Otnay, &#8220;Ta\u015fucu Mahallemizin sahilinde &#8216;Denizlere Mavi Yak\u0131\u015f\u0131r&#8217;, &#8216;\u00c7evremizi Temiz Tutal\u0131m&#8217; slogan\u0131 ad\u0131 [&hellip;]<\/p>\n","protected":false},"author":2,"featured_media":104412,"comment_status":"open","ping_status":"open","sticky":false,"template":"","format":"standard","meta":{"footnotes":""},"categories":[1],"tags":[],"class_list":["post-104411","post","type-post","status-publish","format-standard","has-post-thumbnail","hentry","category-gundem"],"views":466,"_links":{"self":[{"href":"https:\/\/mersingazetesi.com\/index.php\/wp-json\/wp\/v2\/posts\/104411","targetHints":{"allow":["GET"]}}],"collection":[{"href":"https:\/\/mersingazetesi.com\/index.php\/wp-json\/wp\/v2\/posts"}],"about":[{"href":"https:\/\/mersingazetesi.com\/index.php\/wp-json\/wp\/v2\/types\/post"}],"author":[{"embeddable":true,"href":"https:\/\/mersingazetesi.com\/index.php\/wp-json\/wp\/v2\/users\/2"}],"replies":[{"embeddable":true,"href":"https:\/\/mersingazetesi.com\/index.php\/wp-json\/wp\/v2\/comments?post=104411"}],"version-history":[{"count":0,"href":"https:\/\/mersingazetesi.com\/index.php\/wp-json\/wp\/v2\/posts\/104411\/revisions"}],"wp:featuredmedia":[{"embeddable":true,"href":"https:\/\/mersingazetesi.com\/index.php\/wp-json\/wp\/v2\/media\/104412"}],"wp:attachment":[{"href":"https:\/\/mersingazetesi.com\/index.php\/wp-json\/wp\/v2\/media?parent=104411"}],"wp:term":[{"taxonomy":"category","embeddable":true,"href":"https:\/\/mersingazetesi.com\/index.php\/wp-json\/wp\/v2\/categories?post=104411"},{"taxonomy":"post_tag","embeddable":true,"href":"https:\/\/mersingazetesi.com\/index.php\/wp-json\/wp\/v2\/tags?post=104411"}],"curies":[{"name":"wp","href":"https:\/\/api.w.org\/{rel}","templated":true}]}}