{"id":104364,"date":"2025-08-07T16:10:06","date_gmt":"2025-08-07T13:10:06","guid":{"rendered":"https:\/\/mersingazetesi.com\/?p=104364"},"modified":"2025-08-07T16:11:06","modified_gmt":"2025-08-07T13:11:06","slug":"okan-yilmaza-tesekkur-belgesi","status":"publish","type":"post","link":"https:\/\/mersingazetesi.com\/index.php\/2025\/08\/07\/okan-yilmaza-tesekkur-belgesi\/","title":{"rendered":"OKAN YILMAZ\u2019A TE\u015eEKK\u00dcR BELGES\u0130"},"content":{"rendered":"<p>SERDAR ERKAN<br \/>\nAile ve Sosyal Hizmetler Bakanl\u0131\u011f\u0131 Mersin il M\u00fcd\u00fcrl\u00fc\u011f\u00fc b\u00fcnyesinde faaliyet g\u00f6steren \u00c7ocuk Haklar\u0131 \u00c7ocuk Komitesi\u2019ne ge\u00e7mi\u015f y\u0131llarda Ba\u015fkanl\u0131k yapan Okan Y\u0131lmaz\u2019a hizmeti nedeniyle g\u00f6nderilen te\u015fekk\u00fcr belgesi \u0130l M\u00fcd\u00fcr\u00fc Naci Y\u0131lmaz taraf\u0131ndan verildi.<\/p>\n<p>Aile ve Sosyal Hizmetler Mersin \u0130l M\u00fcd\u00fcr\u00fc Naci Y\u0131lmaz, \u201cBakanl\u0131\u011f\u0131n \u00f6nemli hizmet dallar\u0131ndan olan illerdeki \u00c7ocuk Haklar\u0131 \u00c7ocuk Komitelerinde g\u00fczel hizmetler yapan \u00e7ocuklar\u0131n ba\u015far\u0131lar\u0131n\u0131 belgelemek a\u00e7\u0131s\u0131ndan te\u015fekk\u00fcr belgesini vermekten mutluluk duyuyoruz. \u00c7ocukluktan gen\u00e7li\u011fe ad\u0131m atan Okan Y\u0131lmaz gencimize bundan sonraki hayat\u0131nda da ba\u015far\u0131lar diliyorum.\u201d dedi.<\/p>\n<p>\u0130l \u00c7ocuk Haklar\u0131 Koordinat\u00f6r\u00fc Mustafa Sar\u0131 da kat\u0131l\u0131m\u0131 nedeniyle \u0130l M\u00fcd\u00fcr\u00fc Naci Y\u0131lmaz\u2019a te\u015fekk\u00fcr etti .<\/p>\n","protected":false},"excerpt":{"rendered":"<p>SERDAR ERKAN Aile ve Sosyal Hizmetler Bakanl\u0131\u011f\u0131 Mersin il M\u00fcd\u00fcrl\u00fc\u011f\u00fc b\u00fcnyesinde faaliyet g\u00f6steren \u00c7ocuk Haklar\u0131 \u00c7ocuk Komitesi\u2019ne ge\u00e7mi\u015f y\u0131llarda Ba\u015fkanl\u0131k yapan Okan Y\u0131lmaz\u2019a hizmeti nedeniyle g\u00f6nderilen te\u015fekk\u00fcr belgesi \u0130l M\u00fcd\u00fcr\u00fc Naci Y\u0131lmaz taraf\u0131ndan verildi. Aile ve Sosyal Hizmetler Mersin \u0130l M\u00fcd\u00fcr\u00fc Naci Y\u0131lmaz, \u201cBakanl\u0131\u011f\u0131n \u00f6nemli hizmet dallar\u0131ndan olan illerdeki \u00c7ocuk Haklar\u0131 \u00c7ocuk Komitelerinde g\u00fczel hizmetler [&hellip;]<\/p>\n","protected":false},"author":2,"featured_media":104366,"comment_status":"open","ping_status":"open","sticky":false,"template":"","format":"standard","meta":{"footnotes":""},"categories":[1],"tags":[],"class_list":["post-104364","post","type-post","status-publish","format-standard","has-post-thumbnail","hentry","category-gundem"],"views":372,"_links":{"self":[{"href":"https:\/\/mersingazetesi.com\/index.php\/wp-json\/wp\/v2\/posts\/104364","targetHints":{"allow":["GET"]}}],"collection":[{"href":"https:\/\/mersingazetesi.com\/index.php\/wp-json\/wp\/v2\/posts"}],"about":[{"href":"https:\/\/mersingazetesi.com\/index.php\/wp-json\/wp\/v2\/types\/post"}],"author":[{"embeddable":true,"href":"https:\/\/mersingazetesi.com\/index.php\/wp-json\/wp\/v2\/users\/2"}],"replies":[{"embeddable":true,"href":"https:\/\/mersingazetesi.com\/index.php\/wp-json\/wp\/v2\/comments?post=104364"}],"version-history":[{"count":0,"href":"https:\/\/mersingazetesi.com\/index.php\/wp-json\/wp\/v2\/posts\/104364\/revisions"}],"wp:featuredmedia":[{"embeddable":true,"href":"https:\/\/mersingazetesi.com\/index.php\/wp-json\/wp\/v2\/media\/104366"}],"wp:attachment":[{"href":"https:\/\/mersingazetesi.com\/index.php\/wp-json\/wp\/v2\/media?parent=104364"}],"wp:term":[{"taxonomy":"category","embeddable":true,"href":"https:\/\/mersingazetesi.com\/index.php\/wp-json\/wp\/v2\/categories?post=104364"},{"taxonomy":"post_tag","embeddable":true,"href":"https:\/\/mersingazetesi.com\/index.php\/wp-json\/wp\/v2\/tags?post=104364"}],"curies":[{"name":"wp","href":"https:\/\/api.w.org\/{rel}","templated":true}]}}