{"id":104341,"date":"2025-08-07T10:25:06","date_gmt":"2025-08-07T07:25:06","guid":{"rendered":"https:\/\/mersingazetesi.com\/?p=104341"},"modified":"2025-08-07T14:25:59","modified_gmt":"2025-08-07T11:25:59","slug":"asil-olan-aidiyet-duygusu-yaratmaktir","status":"publish","type":"post","link":"https:\/\/mersingazetesi.com\/index.php\/2025\/08\/07\/asil-olan-aidiyet-duygusu-yaratmaktir\/","title":{"rendered":"ASIL OLAN A\u0130D\u0130YET DUYGUSU YARATMAKTIR!"},"content":{"rendered":"<div>Bu \u00dclkenin vatanda\u015f\u0131 olan K\u00fcrtler ve Aleviler kendilerini d\u0131\u015flanm\u0131\u015f hissediyorlarsa, y\u00f6netenlere d\u00fc\u015fen bu d\u0131\u015flanm\u0131\u015fl\u0131k duygusunu ortadan kald\u0131rmakt\u0131r. Daha a\u00e7\u0131k bir ifadeyle, kendilerini d\u0131\u015flanm\u0131\u015f hissedenlerde aidiyet duygusu yaratmakt\u0131r. Cumhurba\u015fkan\u0131 yard\u0131mc\u0131s\u0131n\u0131n birini K\u00fcrt, birini Alevi yapal\u0131m demekle aidiyet duygusu yarat\u0131lmaz. Aidiyet duygusu yaratmak istiyorsan\u0131z, yapaca\u011f\u0131n\u0131z i\u015f bellidir. K\u00fcrt ve Alevi yurtta\u015flardan liyakat sahibi olanlar\u0131 hak ettikleri g\u00f6revlere getireceksiniz. S\u0131rf K\u00fcrt ve Alevi diye emniyet m\u00fcd\u00fcr\u00fc, jandarma komutan\u0131, ba\u015fsavc\u0131, kaymakam, vali, genel m\u00fcd\u00fcr vb. gibi belli ba\u015fl\u0131 g\u00f6revlere getirmemezlik etmeyeceksiniz. Kamudaki b\u00fct\u00fcn hizmetlerde e\u015fit yurtta\u015f olarak onlara da g\u00f6rev vereceksiniz. Hem \u0130ktidar\u0131n bask\u0131n orta\u011f\u0131 olacaks\u0131n\u0131z hem de liyakat sahibi olan K\u00fcrt&#8217;\u00fcn ve Alevi&#8217;nin bu t\u00fcr g\u00f6revlere getirilmelerinin \u00f6n\u00fcndeki anlay\u0131\u015f\u0131n yok edilmesi konusunda hi\u00e7bir \u00e7aba ve gayret g\u00f6stermeyeceksiniz. Sonra da kalk\u0131p, cumhurba\u015fkan\u0131 yard\u0131mc\u0131lar\u0131ndan birini K\u00fcrt, birini Alevi yapal\u0131m diyeceksiniz. Kurulu\u015f felsefesinden ve anayasas\u0131ndan da anla\u015f\u0131laca\u011f\u0131 \u00fczre, T\u00fcrkiye Cumhuriyeti Devleti bir ulus devlettir.<\/div>\n<div>Bir ulus devlette \u00fcmmeti ve mezhebi \u00e7a\u011fr\u0131\u015ft\u0131r\u0131c\u0131 uygulamalar olmaz. Belli ki, say\u0131n Devlet Bah\u00e7eli T\u00fcrkiye Cumhuriyeti&#8217;nin bir ulus devlet oldu\u011funun ay\u0131rd\u0131nda de\u011fil. Ay\u0131rd\u0131nda olsayd\u0131, ulus devletin ruhuna ve felsefesine uymayan sa\u00e7ma bir teklifle Toplumun kar\u015f\u0131s\u0131na \u00e7\u0131kmazd\u0131. Milliyet\u00e7i oldu\u011funu iddia eden bir Parti&#8217;nin Lideri&#8217;nin, y\u00f6netmeye talip oldu\u011fu Devlet&#8217;in bir ulus devlet oldu\u011funun ay\u0131rd\u0131nda olmamas\u0131 d\u00fc\u015f\u00fcnd\u00fcr\u00fcc\u00fcd\u00fcr. Sadece d\u00fc\u015f\u00fcnd\u00fcr\u00fcc\u00fc de de\u011fil, bir o kadar da \u00fcz\u00fcc\u00fcd\u00fcr.<\/div>\n<div>As\u0131l olan, bu Vatan&#8217;a ve bu Millete g\u00f6n\u00fcl ba\u011f\u0131yla ba\u011fl\u0131 olan yurtta\u015f yaratmakt\u0131r. Bunu sa\u011flamas\u0131 gerekenler de Devlet&#8217;i y\u00f6netme mevki ve sorumlulu\u011funda olanlard\u0131r. T\u00fcrkiye Cumhuriyeti Devleti&#8217;ne g\u00f6n\u00fcl ba\u011f\u0131yla ba\u011fl\u0131 olan her yurtta\u015f\u0131m\u0131z k\u0131ymetlidir ve bilgice, g\u00f6rg\u00fcce, becerice, yetenekte \u00fcst\u00fcn olanlar da kamu hizmetinde g\u00f6revlendirilmeye lay\u0131kt\u0131r. Meseleye b\u00f6yle bakt\u0131\u011f\u0131m\u0131z g\u00fcn K\u00fcrt de Alevi de d\u0131\u015flanm\u0131\u015fl\u0131k duygusu ya\u015famaz.<\/div>\n","protected":false},"excerpt":{"rendered":"<p>Bu \u00dclkenin vatanda\u015f\u0131 olan K\u00fcrtler ve Aleviler kendilerini d\u0131\u015flanm\u0131\u015f hissediyorlarsa, y\u00f6netenlere d\u00fc\u015fen bu d\u0131\u015flanm\u0131\u015fl\u0131k duygusunu ortadan kald\u0131rmakt\u0131r. Daha a\u00e7\u0131k bir ifadeyle, kendilerini d\u0131\u015flanm\u0131\u015f hissedenlerde aidiyet duygusu yaratmakt\u0131r. Cumhurba\u015fkan\u0131 yard\u0131mc\u0131s\u0131n\u0131n birini K\u00fcrt, birini Alevi yapal\u0131m demekle aidiyet duygusu yarat\u0131lmaz. Aidiyet duygusu yaratmak istiyorsan\u0131z, yapaca\u011f\u0131n\u0131z i\u015f bellidir. K\u00fcrt ve Alevi yurtta\u015flardan liyakat sahibi olanlar\u0131 hak ettikleri g\u00f6revlere [&hellip;]<\/p>\n","protected":false},"author":14,"featured_media":103848,"comment_status":"open","ping_status":"open","sticky":false,"template":"","format":"standard","meta":{"footnotes":""},"categories":[47],"tags":[],"class_list":["post-104341","post","type-post","status-publish","format-standard","has-post-thumbnail","hentry","category-erdogan-serin"],"views":544,"_links":{"self":[{"href":"https:\/\/mersingazetesi.com\/index.php\/wp-json\/wp\/v2\/posts\/104341","targetHints":{"allow":["GET"]}}],"collection":[{"href":"https:\/\/mersingazetesi.com\/index.php\/wp-json\/wp\/v2\/posts"}],"about":[{"href":"https:\/\/mersingazetesi.com\/index.php\/wp-json\/wp\/v2\/types\/post"}],"author":[{"embeddable":true,"href":"https:\/\/mersingazetesi.com\/index.php\/wp-json\/wp\/v2\/users\/14"}],"replies":[{"embeddable":true,"href":"https:\/\/mersingazetesi.com\/index.php\/wp-json\/wp\/v2\/comments?post=104341"}],"version-history":[{"count":0,"href":"https:\/\/mersingazetesi.com\/index.php\/wp-json\/wp\/v2\/posts\/104341\/revisions"}],"wp:featuredmedia":[{"embeddable":true,"href":"https:\/\/mersingazetesi.com\/index.php\/wp-json\/wp\/v2\/media\/103848"}],"wp:attachment":[{"href":"https:\/\/mersingazetesi.com\/index.php\/wp-json\/wp\/v2\/media?parent=104341"}],"wp:term":[{"taxonomy":"category","embeddable":true,"href":"https:\/\/mersingazetesi.com\/index.php\/wp-json\/wp\/v2\/categories?post=104341"},{"taxonomy":"post_tag","embeddable":true,"href":"https:\/\/mersingazetesi.com\/index.php\/wp-json\/wp\/v2\/tags?post=104341"}],"curies":[{"name":"wp","href":"https:\/\/api.w.org\/{rel}","templated":true}]}}