{"id":104309,"date":"2025-08-07T10:32:41","date_gmt":"2025-08-07T07:32:41","guid":{"rendered":"https:\/\/mersingazetesi.com\/?p=104309"},"modified":"2025-08-07T10:32:41","modified_gmt":"2025-08-07T07:32:41","slug":"kaymakamin-oglu-halkin-cocuklari","status":"publish","type":"post","link":"https:\/\/mersingazetesi.com\/index.php\/2025\/08\/07\/kaymakamin-oglu-halkin-cocuklari\/","title":{"rendered":"Kaymakam\u0131n O\u011flu, Halk\u0131n \u00c7ocuklar\u0131"},"content":{"rendered":"<div>Bir \u00fclkede adaletin g\u00fcc\u00fc, en \u00e7ok \u00e7ocuklara nas\u0131l davrand\u0131\u011f\u0131yla \u00f6l\u00e7\u00fcl\u00fcr.<\/div>\n<div>Ve bug\u00fcn Mersin\u2019in Mezitli il\u00e7esinde adalet, \u00e7ocuklar i\u00e7in h\u00e2l\u00e2 beklemede.<\/div>\n<div>Bas\u0131na yans\u0131yan iddialar a\u011f\u0131r:<\/div>\n<div>Ya\u015flar\u0131 12-13 olan be\u015f \u00e7ocuk, Mezitli Kaymakam\u0131\u2019n\u0131n o\u011fluyla ya\u015fad\u0131klar\u0131 bir tart\u0131\u015fman\u0131n ard\u0131ndan karakola g\u00f6t\u00fcr\u00fcl\u00fcyor. Burada, polis g\u00f6zetiminde darp edildikleri, bir \u00e7ocu\u011fun hastaneye kald\u0131r\u0131ld\u0131\u011f\u0131 belirtiliyor.<\/div>\n<div>Aileler \u015fikayet\u00e7i oluyor ama dilek\u00e7elerinin i\u015fleme al\u0131nmad\u0131\u011f\u0131 \u00f6ne s\u00fcr\u00fcl\u00fcyor.<\/div>\n<div>Kamu vicdan\u0131 aya\u011fa kalk\u0131yor. Medyan\u0131n \u00e7o\u011funlu\u011fu sessiz kalsa da halk susmuyor. Sorular \u00e7o\u011fal\u0131yor:<\/div>\n<div>Karakolda \u00e7ocuklar\u0131 kim darp etti?<\/div>\n<div>Emniyet neden m\u00fcdahale etmedi?<\/div>\n<div>Ailelerin \u015fikayetleri neden kayda al\u0131nmad\u0131?<\/div>\n<div>Kaymakam\u0131n makam\u0131, o\u011flunun hareketlerine kalkan m\u0131 oldu?<\/div>\n<div dir=\"ltr\"><\/div>\n<div>Kaymakam\u0131n O\u011flu, Halk\u0131n Evlad\u0131<\/div>\n<div dir=\"ltr\"><\/div>\n<div>Bu olay, s\u0131radan bir kavga de\u011fil. Bu olay, devletle halk aras\u0131ndaki g\u00fcven ba\u011f\u0131n\u0131n s\u0131nand\u0131\u011f\u0131 bir e\u015fik.<\/div>\n<div>\u00c7\u00fcnk\u00fc karakol, bir vatanda\u015f\u0131n de\u011fil;<\/div>\n<div>bir \u00e7ocu\u011fun de\u011fil;<\/div>\n<div>bir devlet y\u00f6neticisinin o\u011flunun eliyle darp edilen \u00e7ocuklar\u0131n hik\u00e2yesine sahne oluyor.<\/div>\n<div>Oysa her \u00e7ocuk e\u015fittir.<\/div>\n<div>Hi\u00e7bir soyad\u0131, bir \u00e7ocu\u011fun can\u0131ndan k\u0131ymetli de\u011fildir.<\/div>\n<div dir=\"ltr\"><\/div>\n<div>Hukuki S\u00fcre\u00e7 Ba\u015flad\u0131 m\u0131?<\/div>\n<div dir=\"ltr\"><\/div>\n<div>Ba\u015flad\u0131. Ama..!<\/div>\n<div>Olay\u0131n ard\u0131ndan Mersin Cumhuriyet Ba\u015fsavc\u0131l\u0131\u011f\u0131 nezdinde iki ayr\u0131 dosya a\u00e7\u0131ld\u0131:<\/div>\n<ul>\n<li>\n<div role=\"presentation\">G\u00f6revi k\u00f6t\u00fcye kullanma dosyas\u0131.<\/div>\n<\/li>\n<\/ul>\n<div>Bu dosyada g\u00f6revli polisler ve doktorlar yer al\u0131yor. Ancak memur su\u00e7lar\u0131 kapsam\u0131nda oldu\u011fu i\u00e7in, ilerleyebilmesi ad\u0131na soru\u015fturma izni bekleniyor.<\/div>\n<div>Bu s\u00fcre\u00e7 uzun s\u00fcrebilir!<\/div>\n<ul>\n<li>\n<div role=\"presentation\">Kasten yaralama dosyas\u0131.<\/div>\n<\/li>\n<\/ul>\n<div>Bu dosyada kaymakam\u0131n o\u011flu \u015f\u00fcpheli s\u0131fat\u0131yla yer al\u0131yor. Fakat dikkat \u00e7eken nokta: Kaymakam bu dosyada yok!<\/div>\n<div dir=\"ltr\"><\/div>\n<div>Ayr\u0131ca, ba\u015fsavc\u0131 vekilinin kaymakamla ilgili ayr\u0131 bir soru\u015fturma ba\u015flataca\u011f\u0131 bilgisi payla\u015f\u0131ld\u0131.<\/div>\n<div>Ancak \u015fu an i\u00e7in resmi anlamda bir ilerleme ya da sonu\u00e7 mevcut de\u011fil.<\/div>\n<div>Adalet \u2013her zamanki gibi\u2013 bekleme odas\u0131nda!<\/div>\n<div dir=\"ltr\"><\/div>\n<div>Umudumuz: Gen\u00e7 ve Y\u00fcrekli Avukatlar<\/div>\n<div dir=\"ltr\"><\/div>\n<div>Neyse ki bu \u00fclke, suskun kalmayan bir hukuk gen\u00e7li\u011fine sahip.<\/div>\n<div>Vicdan\u0131 olan, tarafs\u0131zl\u0131\u011fa inanan, \u00e7ocuklar\u0131n yan\u0131nda duran gen\u00e7 avukatlar bu dosyalar\u0131n takip\u00e7isi olaca\u011f\u0131n\u0131 a\u00e7\u0131klad\u0131.<\/div>\n<div>Onlar sadece hukuku de\u011fil, toplumun vicdan\u0131n\u0131 da temsil ediyor.<\/div>\n<div dir=\"ltr\"><\/div>\n<div>Son S\u00f6z: Makamlar Ge\u00e7ici, Adalet Kal\u0131c\u0131d\u0131r<\/div>\n<div dir=\"ltr\"><\/div>\n<div>Kaymakam olmak sorumluluktur.<\/div>\n<div>Kaymakam\u0131n o\u011flu olmak ayr\u0131cal\u0131k de\u011fildir.<\/div>\n<div dir=\"ltr\"><\/div>\n<div>E\u011fer bu \u00fclke h\u00e2l\u00e2 bir hukuk devleti ise, o \u00e7ocuklar\u0131n sesi duyulmal\u0131, olay t\u00fcm y\u00f6nleriyle ayd\u0131nlat\u0131lmal\u0131 ve varsa sorumlular yarg\u0131 \u00f6n\u00fcne \u00e7\u0131kar\u0131lmal\u0131d\u0131r.<\/div>\n<div dir=\"ltr\"><\/div>\n<div>\u00c7\u00fcnk\u00fc:<\/div>\n<div dir=\"ltr\"><\/div>\n<div>Adaletin en \u00e7ok ihtiya\u00e7 duyuldu\u011fu yer, g\u00fc\u00e7l\u00fc olan\u0131n de\u011fil, ma\u011fdur olan\u0131n yan\u0131d\u0131r.<\/div>\n<div>Ve unutmayal\u0131m\u2026<\/div>\n<div>Adalet bir g\u00fcn herkese laz\u0131m olur.<\/div>\n<div id=\"m_8232238255689380581ms-outlook-mobile-body-separator-line\" dir=\"ltr\"><\/div>\n","protected":false},"excerpt":{"rendered":"<p>Bir \u00fclkede adaletin g\u00fcc\u00fc, en \u00e7ok \u00e7ocuklara nas\u0131l davrand\u0131\u011f\u0131yla \u00f6l\u00e7\u00fcl\u00fcr. Ve bug\u00fcn Mersin\u2019in Mezitli il\u00e7esinde adalet, \u00e7ocuklar i\u00e7in h\u00e2l\u00e2 beklemede. Bas\u0131na yans\u0131yan iddialar a\u011f\u0131r: Ya\u015flar\u0131 12-13 olan be\u015f \u00e7ocuk, Mezitli Kaymakam\u0131\u2019n\u0131n o\u011fluyla ya\u015fad\u0131klar\u0131 bir tart\u0131\u015fman\u0131n ard\u0131ndan karakola g\u00f6t\u00fcr\u00fcl\u00fcyor. Burada, polis g\u00f6zetiminde darp edildikleri, bir \u00e7ocu\u011fun hastaneye kald\u0131r\u0131ld\u0131\u011f\u0131 belirtiliyor. Aileler \u015fikayet\u00e7i oluyor ama dilek\u00e7elerinin i\u015fleme al\u0131nmad\u0131\u011f\u0131 [&hellip;]<\/p>\n","protected":false},"author":23,"featured_media":104174,"comment_status":"open","ping_status":"open","sticky":false,"template":"","format":"standard","meta":{"footnotes":""},"categories":[122],"tags":[],"class_list":["post-104309","post","type-post","status-publish","format-standard","has-post-thumbnail","hentry","category-hatice-akarca"],"views":952,"_links":{"self":[{"href":"https:\/\/mersingazetesi.com\/index.php\/wp-json\/wp\/v2\/posts\/104309","targetHints":{"allow":["GET"]}}],"collection":[{"href":"https:\/\/mersingazetesi.com\/index.php\/wp-json\/wp\/v2\/posts"}],"about":[{"href":"https:\/\/mersingazetesi.com\/index.php\/wp-json\/wp\/v2\/types\/post"}],"author":[{"embeddable":true,"href":"https:\/\/mersingazetesi.com\/index.php\/wp-json\/wp\/v2\/users\/23"}],"replies":[{"embeddable":true,"href":"https:\/\/mersingazetesi.com\/index.php\/wp-json\/wp\/v2\/comments?post=104309"}],"version-history":[{"count":0,"href":"https:\/\/mersingazetesi.com\/index.php\/wp-json\/wp\/v2\/posts\/104309\/revisions"}],"wp:featuredmedia":[{"embeddable":true,"href":"https:\/\/mersingazetesi.com\/index.php\/wp-json\/wp\/v2\/media\/104174"}],"wp:attachment":[{"href":"https:\/\/mersingazetesi.com\/index.php\/wp-json\/wp\/v2\/media?parent=104309"}],"wp:term":[{"taxonomy":"category","embeddable":true,"href":"https:\/\/mersingazetesi.com\/index.php\/wp-json\/wp\/v2\/categories?post=104309"},{"taxonomy":"post_tag","embeddable":true,"href":"https:\/\/mersingazetesi.com\/index.php\/wp-json\/wp\/v2\/tags?post=104309"}],"curies":[{"name":"wp","href":"https:\/\/api.w.org\/{rel}","templated":true}]}}