{"id":104261,"date":"2025-08-06T16:07:38","date_gmt":"2025-08-06T13:07:38","guid":{"rendered":"https:\/\/mersingazetesi.com\/?p=104261"},"modified":"2025-08-06T16:07:38","modified_gmt":"2025-08-06T13:07:38","slug":"modifiye-taksi-degil-kimliksiz-ulasim","status":"publish","type":"post","link":"https:\/\/mersingazetesi.com\/index.php\/2025\/08\/06\/modifiye-taksi-degil-kimliksiz-ulasim\/","title":{"rendered":"Modifiye Taksi De\u011fil, Kimliksiz Ula\u015f\u0131m!"},"content":{"rendered":"<div>Baz\u0131 geceler \u015fehirde gezerken kafam\u0131 \u00e7evirip bir taksiye bak\u0131yorum ve kendi kendime soruyorum:<\/div>\n<div>\u201cBu ara\u00e7 ger\u00e7ekten bir taksi mi?\u201d<\/div>\n<div dir=\"ltr\"><\/div>\n<div>Ne plakas\u0131 net okunuyor, ne i\u00e7indeki ki\u015fi belli. Egzozundan \u00e7\u0131kan sesle uykusu ka\u00e7an bir mahalle, tavan\u0131nda d\u00f6nen LED \u0131\u015f\u0131klarla sokakta festival havas\u0131\u2026<\/div>\n<div>Ne gariptir ki hepsi \u201ctaksi\u201d ad\u0131 alt\u0131nda hizmet veriyor.<\/div>\n<div dir=\"ltr\"><\/div>\n<div>Taksi dedi\u011fin \u015fey, g\u00fcven demektir. Tan\u0131ml\u0131 bir s\u00fcr\u00fcc\u00fc, sabit bir \u00fccret, bilinen bir g\u00fczerg\u00e2h.<\/div>\n<div>\u015eimdi ise kar\u015f\u0131m\u0131za \u00e7\u0131kan baz\u0131 ara\u00e7lar, sanki film setinden f\u0131rlam\u0131\u015f gibi. Ne taksi lambas\u0131 a\u00e7\u0131k, ne s\u00fcr\u00fcc\u00fc tan\u0131t\u0131m kart\u0131 as\u0131l\u0131.<\/div>\n<div>\u0130\u00e7eri biniyorsunuz, size bakan ki\u015fi \u015fof\u00f6r m\u00fc, ara\u00e7 sahibinin ye\u011feni mi, yoksa ehliyetsiz bir maceraperest mi, belli de\u011fil.<\/div>\n<div dir=\"ltr\"><\/div>\n<div>Hizmet anlay\u0131\u015f\u0131 m\u0131?<\/div>\n<div>O da kaybolmu\u015f. Baz\u0131 ara\u00e7lar, taksi plakas\u0131 ta\u015f\u0131maktan \u00e7ok, gece ba\u015fka ama\u00e7lara hizmet ediyor izlenimi veriyor. Uygulama d\u0131\u015f\u0131nda \u00e7al\u0131\u015f\u0131yorlar, g\u00fczerg\u00e2h sorgusuz, \u00fccret sabit de\u011fil. Sormaya kalksan\u0131z, ya sinirle kar\u015f\u0131la\u015f\u0131yorsunuz ya da sessizlikle.<\/div>\n<div dir=\"ltr\"><\/div>\n<div>\u015eunu sormak gerek:<\/div>\n<div>Kim bu ara\u00e7lar\u0131 denetliyor?<\/div>\n<div>Kim bu plakalar\u0131 ger\u00e7ekten ta\u015f\u0131yor?<\/div>\n<div>Ve en \u00f6nemlisi, kim bu ara\u00e7lara binmeye cesaret ediyor?<\/div>\n<div dir=\"ltr\"><\/div>\n<div>Ben, y\u0131llar\u0131n yolcusu olarak, art\u0131k bir taksiye binmeden \u00f6nce iki kez d\u00fc\u015f\u00fcn\u00fcyorum. \u00c7\u00fcnk\u00fc i\u00e7eri girdi\u011fimde neyle kar\u015f\u0131la\u015faca\u011f\u0131m\u0131 bilmiyorum. Yasal olanla yasa d\u0131\u015f\u0131 aras\u0131ndaki \u00e7izgi, bu modifiye taksilerde silinmi\u015f durumda.<\/div>\n<div dir=\"ltr\"><\/div>\n<div>\u0130\u00e7inde karart\u0131lm\u0131\u015f camlar, y\u00fcksek m\u00fczik, adres bilmeyen bir s\u00fcr\u00fcc\u00fc ve kay\u0131ts\u0131z bir rota varsa \u2014<\/div>\n<div>Bu art\u0131k bir ula\u015f\u0131m de\u011fil, sadece \u201caraba\u201dd\u0131r.<\/div>\n<div>Ve ben o arabaya binmek istemiyorum.<\/div>\n<div dir=\"ltr\"><\/div>\n<div>Taksi, bir k\u00fclt\u00fcrd\u00fcr. \u015eof\u00f6r\u00fcyle selamla\u015ft\u0131\u011f\u0131n, radyoda hafif bir m\u00fczik e\u015fli\u011finde yolculuk yapt\u0131\u011f\u0131n, yeri geldi\u011finde dertle\u015fti\u011fin bir \u015fehir de\u011feridir.<\/div>\n<div dir=\"ltr\"><\/div>\n<div>O de\u011feri kaybetmeyelim.<\/div>\n","protected":false},"excerpt":{"rendered":"<p>Baz\u0131 geceler \u015fehirde gezerken kafam\u0131 \u00e7evirip bir taksiye bak\u0131yorum ve kendi kendime soruyorum: \u201cBu ara\u00e7 ger\u00e7ekten bir taksi mi?\u201d Ne plakas\u0131 net okunuyor, ne i\u00e7indeki ki\u015fi belli. Egzozundan \u00e7\u0131kan sesle uykusu ka\u00e7an bir mahalle, tavan\u0131nda d\u00f6nen LED \u0131\u015f\u0131klarla sokakta festival havas\u0131\u2026 Ne gariptir ki hepsi \u201ctaksi\u201d ad\u0131 alt\u0131nda hizmet veriyor. Taksi dedi\u011fin \u015fey, g\u00fcven demektir. [&hellip;]<\/p>\n","protected":false},"author":23,"featured_media":104174,"comment_status":"open","ping_status":"open","sticky":false,"template":"","format":"standard","meta":{"footnotes":""},"categories":[122],"tags":[],"class_list":["post-104261","post","type-post","status-publish","format-standard","has-post-thumbnail","hentry","category-hatice-akarca"],"views":1017,"_links":{"self":[{"href":"https:\/\/mersingazetesi.com\/index.php\/wp-json\/wp\/v2\/posts\/104261","targetHints":{"allow":["GET"]}}],"collection":[{"href":"https:\/\/mersingazetesi.com\/index.php\/wp-json\/wp\/v2\/posts"}],"about":[{"href":"https:\/\/mersingazetesi.com\/index.php\/wp-json\/wp\/v2\/types\/post"}],"author":[{"embeddable":true,"href":"https:\/\/mersingazetesi.com\/index.php\/wp-json\/wp\/v2\/users\/23"}],"replies":[{"embeddable":true,"href":"https:\/\/mersingazetesi.com\/index.php\/wp-json\/wp\/v2\/comments?post=104261"}],"version-history":[{"count":0,"href":"https:\/\/mersingazetesi.com\/index.php\/wp-json\/wp\/v2\/posts\/104261\/revisions"}],"wp:featuredmedia":[{"embeddable":true,"href":"https:\/\/mersingazetesi.com\/index.php\/wp-json\/wp\/v2\/media\/104174"}],"wp:attachment":[{"href":"https:\/\/mersingazetesi.com\/index.php\/wp-json\/wp\/v2\/media?parent=104261"}],"wp:term":[{"taxonomy":"category","embeddable":true,"href":"https:\/\/mersingazetesi.com\/index.php\/wp-json\/wp\/v2\/categories?post=104261"},{"taxonomy":"post_tag","embeddable":true,"href":"https:\/\/mersingazetesi.com\/index.php\/wp-json\/wp\/v2\/tags?post=104261"}],"curies":[{"name":"wp","href":"https:\/\/api.w.org\/{rel}","templated":true}]}}