{"id":104176,"date":"2025-08-05T11:50:54","date_gmt":"2025-08-05T08:50:54","guid":{"rendered":"https:\/\/mersingazetesi.com\/?p=104176"},"modified":"2025-08-05T11:50:54","modified_gmt":"2025-08-05T08:50:54","slug":"sahilde-yasayanlara-sivrisinekler-hayati-zehir-ediyor","status":"publish","type":"post","link":"https:\/\/mersingazetesi.com\/index.php\/2025\/08\/05\/sahilde-yasayanlara-sivrisinekler-hayati-zehir-ediyor\/","title":{"rendered":"SAH\u0130LDE YA\u015eAYANLARA S\u0130VR\u0130S\u0130NEKLER HAYATI ZEH\u0130R ED\u0130YOR!"},"content":{"rendered":"<p>Mersin sahilinde ya\u015fayan vatanda\u015flara sivrisinekler hayat\u0131 zehir ederken \u00f6zellikle ak\u015famlar\u0131 5 dakika bile d\u0131\u015far\u0131da oturamad\u0131klar\u0131n\u0131 dile getiriyorlar.<\/p>\n<p>Yaz boyunca sivrisinek istilas\u0131na maruz kalan b\u00f6lge halk\u0131, bu durumun sadece birka\u00e7 haftal\u0131k de\u011fil, neredeyse y\u0131l\u0131n b\u00fcy\u00fck b\u00f6l\u00fcm\u00fcnde s\u00fcrd\u00fc\u011f\u00fcn\u00fc s\u00f6yl\u00fcyor. \u201cOcak ay\u0131na kadar sinekten kurtulam\u0131yoruz\u201d diyen mahalleliler, geceleri cam a\u00e7amad\u0131klar\u0131n\u0131, g\u00fcnd\u00fcz ise evin i\u00e7inin bile sinek doldu\u011funu ifade ediyor.<\/p>\n<div dir=\"ltr\"><\/div>\n<p>TA\u015eUCU KUM MEVK\u0130\u0130 DE S\u0130VR\u0130S\u0130NEK KAYNIYOR!<\/p>\n<div dir=\"ltr\"><\/div>\n<p>Mersin\u2019in Silifke il\u00e7esine ba\u011fl\u0131 Ta\u015fucu Mahallesi Kum mevkiinde sivrisinek sorunu her ge\u00e7en g\u00fcn daha da b\u00fcy\u00fcyor. Mahalle sakinleri, \u00f6zellikle ak\u015fam saatlerinde d\u0131\u015far\u0131 \u00e7\u0131kman\u0131n neredeyse imk\u00e2ns\u0131z hale geldi\u011fini belirtiyor. \u201cB\u00f6yle sinek hi\u00e7bir yerde yok\u201d diyen vatanda\u015flar, yap\u0131lan ila\u00e7lamalar\u0131n yetersiz oldu\u011funu ve etkisinin hemen hemen hi\u00e7 hissedilmedi\u011fini dile getiriyor.<\/p>\n<p>Mersin B\u00fcy\u00fck\u015fehir Belediyesi ise yapt\u0131\u011f\u0131 a\u00e7\u0131klamalarda ila\u00e7lama \u00e7al\u0131\u015fmalar\u0131n\u0131n aral\u0131ks\u0131z s\u00fcrd\u00fc\u011f\u00fcn\u00fc belirtiyor. Belediyeden yap\u0131lan a\u00e7\u0131klamada, \u201cEkiplerimiz yaz s\u0131caklar\u0131n\u0131n etkisini art\u0131rd\u0131\u011f\u0131 bu g\u00fcnlerde t\u00fcm il\u00e7elerde yo\u011fun bir ila\u00e7lama \u00e7al\u0131\u015fmas\u0131 y\u00fcr\u00fct\u00fcyor. Ama\u00e7 vatanda\u015flar\u0131n sinek ve larva kaynakl\u0131 sorunlardan uzak, sa\u011fl\u0131kl\u0131 ve konforlu bir ya\u015fam s\u00fcrmesidir.\u201d denildi.<\/p>\n<p>Ancak Kum Mahallesi\u2019nde ya\u015fayanlar bu a\u00e7\u0131klamalara tepki g\u00f6steriyor:<\/p>\n<p>\u201cHer sene ayn\u0131 a\u00e7\u0131klama, ayn\u0131 ila\u00e7lama ama sonu\u00e7 yok! \u0130la\u00e7lama 25 metre alan i\u00e7in etkili deniyor ama ila\u00e7lamadan sonra sivrisinekler u\u00e7maya ve bizleri sokmaya devam ediyor. Be\u015f dakika bile d\u0131\u015far\u0131da oturam\u0131yoruz. \u00c7ocuklar\u0131 bah\u00e7eye \u00e7\u0131karam\u0131yoruz. Bu durum art\u0131k dayan\u0131lmaz bir h\u00e2le geldi.\u201d<\/p>\n<p>B\u00f6lge\u00a0halk\u0131, daha etkili ve s\u00fcrekli \u00e7\u00f6z\u00fcmler bekliyor. \u201cYaz bitmeden \u00e7\u00f6z\u00fcm bulunmazsa, bunalt\u0131c\u0131 s\u0131caklardan \u00e7ok sivrisineklerden bunalaca\u011f\u0131z. Hayat\u0131m\u0131z zehir oluyor.\u201d diyerek yetkililere seslenip acil \u00e7\u00f6z\u00fcm bekliyorlar.<\/p>\n","protected":false},"excerpt":{"rendered":"<p>Vatanda\u015f \u0130la\u00e7lamadan Memnun De\u011fil: \u2018Ak\u015famlar\u0131 5 Dakika D\u0131\u015far\u0131da Oturam\u0131yoruz\u2019<\/p>\n","protected":false},"author":2,"featured_media":104177,"comment_status":"open","ping_status":"open","sticky":false,"template":"","format":"standard","meta":{"footnotes":""},"categories":[8,5],"tags":[],"class_list":["post-104176","post","type-post","status-publish","format-standard","has-post-thumbnail","hentry","category-mersin","category-saglik"],"views":1092,"_links":{"self":[{"href":"https:\/\/mersingazetesi.com\/index.php\/wp-json\/wp\/v2\/posts\/104176","targetHints":{"allow":["GET"]}}],"collection":[{"href":"https:\/\/mersingazetesi.com\/index.php\/wp-json\/wp\/v2\/posts"}],"about":[{"href":"https:\/\/mersingazetesi.com\/index.php\/wp-json\/wp\/v2\/types\/post"}],"author":[{"embeddable":true,"href":"https:\/\/mersingazetesi.com\/index.php\/wp-json\/wp\/v2\/users\/2"}],"replies":[{"embeddable":true,"href":"https:\/\/mersingazetesi.com\/index.php\/wp-json\/wp\/v2\/comments?post=104176"}],"version-history":[{"count":0,"href":"https:\/\/mersingazetesi.com\/index.php\/wp-json\/wp\/v2\/posts\/104176\/revisions"}],"wp:featuredmedia":[{"embeddable":true,"href":"https:\/\/mersingazetesi.com\/index.php\/wp-json\/wp\/v2\/media\/104177"}],"wp:attachment":[{"href":"https:\/\/mersingazetesi.com\/index.php\/wp-json\/wp\/v2\/media?parent=104176"}],"wp:term":[{"taxonomy":"category","embeddable":true,"href":"https:\/\/mersingazetesi.com\/index.php\/wp-json\/wp\/v2\/categories?post=104176"},{"taxonomy":"post_tag","embeddable":true,"href":"https:\/\/mersingazetesi.com\/index.php\/wp-json\/wp\/v2\/tags?post=104176"}],"curies":[{"name":"wp","href":"https:\/\/api.w.org\/{rel}","templated":true}]}}