{"id":104034,"date":"2025-08-03T08:57:09","date_gmt":"2025-08-03T05:57:09","guid":{"rendered":"https:\/\/mersingazetesi.com\/?p=104034"},"modified":"2025-08-03T09:44:47","modified_gmt":"2025-08-03T06:44:47","slug":"insanin-sorasi-geliyor-kastiniz-mi-var-bu-guzel-ulkeye","status":"publish","type":"post","link":"https:\/\/mersingazetesi.com\/index.php\/2025\/08\/03\/insanin-sorasi-geliyor-kastiniz-mi-var-bu-guzel-ulkeye\/","title":{"rendered":"\u0130NSANIN SORASI GEL\u0130YOR! KASTINIZ MI VAR BU G\u00dcZEL \u00dcLKE&#8217;YE?"},"content":{"rendered":"<div>Bu \u00dclke, halihaz\u0131r n\u00fcfusunun en az \u00fc\u00e7 kat\u0131n\u0131 besleyecek b\u00fcy\u00fckl\u00fckte hayvanc\u0131l\u0131k potansiyeline sahip. Hal b\u00f6yle iken, d\u0131\u015far\u0131dan gemiler dolusu canl\u0131 hayvan ithal ediyoruz. \u00c7\u00fcnk\u00fc \u00dclke olarak belli bir hayvanc\u0131l\u0131k politikam\u0131z yok. Var da, her alanda oldu\u011fu gibi &#8220;Sald\u0131m \u00e7ay\u0131ra, Mevlam kay\u0131ra!&#8221; politikas\u0131. Do\u011fru d\u00fczg\u00fcn bir hayvanc\u0131l\u0131k politikam\u0131z olsa, Konya gibi su yoksunu bir yerde b\u00fcy\u00fckba\u015f hayvan m\u0131 yeti\u015ftirirdik? Koyunun yeti\u015ftirilece\u011fi bir yerde b\u00fcy\u00fckba\u015f hayvan yeti\u015ftirmek, hangi akl\u0131n \u00fcr\u00fcn\u00fcd\u00fcr anlamak m\u00fcmk\u00fcn de\u011fil?! Yok mu bu \u00dclke&#8217;de hayvanc\u0131l\u0131\u011fa dair tahayy\u00fcl\u00fc olan bir insan? Hayvanc\u0131l\u0131\u011f\u0131 aya\u011fa kald\u0131racak donan\u0131ma sahip bir insan yok mu bu \u00dclke&#8217;de? Ben, k\u00fc\u00e7\u00fcc\u00fck akl\u0131mla ve s\u0131n\u0131rl\u0131 bilgimle hayvanc\u0131l\u0131\u011f\u0131m\u0131z\u0131 nas\u0131l aya\u011fa kald\u0131r\u0131r\u0131z\u0131 d\u00fc\u015f\u00fcn\u00fcrken, elinde onca imkan olan koskoca bir Devlet&#8217;in bu meselelere yabanc\u0131 kalmas\u0131 d\u00fc\u015f\u00fcnd\u00fcr\u00fcc\u00fc. Sadece d\u00fc\u015f\u00fcnd\u00fcr\u00fcc\u00fc de de\u011fil, bir o kadar da \u00fcz\u00fcc\u00fc. \u0130ktidar bu konuda duyars\u0131z da sanki Muhalefet \u00e7ok mu duyarl\u0131?! Ana Muhalefet Partisi&#8217;nde, her bakanl\u0131k i\u00e7in g\u00f6revlendirilmi\u015f g\u00f6lge bakanlar var, fakat baz\u0131lar\u0131 sadece g\u00f6lge!!! \u00c7\u00fcnk\u00fc alanlar\u0131ndaki sorunlar\u0131 \u00e7\u00f6zme konusunda g\u00f6r\u00fcn\u00fcr hi\u00e7bir \u00e7al\u0131\u015fmalar\u0131 yok. \u0130ktidara gelirsek, bu meseleyi \u015f\u00f6yle \u00e7\u00f6zece\u011fine dair inand\u0131r\u0131c\u0131 bir s\u00f6ylemleri de yok.<\/div>\n<div>Varsa da biz bilmiyoruz!<\/div>\n<div>Oysa ki, kendi alanlar\u0131nda \u00e7ok bilgili ve nitelikli insan var Ana Muhalefet Partisi&#8217;nde. Sadece Ana Muhalefet Partisi&#8217;nde de\u011fil, \u00f6teki muhalefet partilerinde de var! Bu \u00dclke&#8217;nin iyili\u011fi ve esenli\u011fi i\u00e7in bu insanlar\u0131n \u00f6n plana \u00e7\u0131kar\u0131lmalar\u0131 \u015fart!<\/div>\n<div dir=\"ltr\"><\/div>\n<p>Aha buraya yaz\u0131yorum! Liyakat esas al\u0131nmad\u0131\u011f\u0131 s\u00fcrece bu \u00dclke&#8217;de hi\u00e7bir \u015fey d\u00fczelmez. D\u00fczelmedi\u011fi gibi, i\u015fler daha da k\u00f6t\u00fcye gider.<\/p>\n<div dir=\"ltr\"><\/div>\n<p>Milletimize esenlik ve kolayl\u0131k diliyorum!<\/p>\n<div dir=\"ltr\"><\/div>\n<p>T\u00dcRK\u0130YE NASIL B\u0130R \u00dcLKE?<\/p>\n<p>2013 &#8211; 2015 y\u0131llar\u0131 aras\u0131nda Be\u015fikta\u015f Futbol Tak\u0131m\u0131&#8217;n\u0131n hocal\u0131\u011f\u0131n\u0131 da yapan \u00fcnl\u00fc H\u0131rvat teknik direkt\u00f6r Slaven Bili\u00e7&#8217;e, T\u00fcrkiye&#8217;den ayr\u0131ld\u0131ktan sonra bir r\u00f6portaj s\u0131ras\u0131nda sorarlar!<\/p>\n<div dir=\"ltr\"><\/div>\n<p>T\u00fcrkiye nas\u0131l bir \u00dclke?<\/p>\n<div dir=\"ltr\"><\/div>\n<p>Slaven Bili\u00e7 bu soruya ibretlik bir cevap verir!<\/p>\n<div dir=\"ltr\"><\/div>\n<p>&#8220;T\u00fcrkiye, bilgisi olanlar\u0131n yetkisiz, yetkisi olanlar\u0131n ise bilgisiz oldu\u011fu \u00e7ok g\u00fczel bir \u00dclke&#8217;dir.&#8221;<\/p>\n","protected":false},"excerpt":{"rendered":"<p>Bu \u00dclke, halihaz\u0131r n\u00fcfusunun en az \u00fc\u00e7 kat\u0131n\u0131 besleyecek b\u00fcy\u00fckl\u00fckte hayvanc\u0131l\u0131k potansiyeline sahip. Hal b\u00f6yle iken, d\u0131\u015far\u0131dan gemiler dolusu canl\u0131 hayvan ithal ediyoruz. \u00c7\u00fcnk\u00fc \u00dclke olarak belli bir hayvanc\u0131l\u0131k politikam\u0131z yok. Var da, her alanda oldu\u011fu gibi &#8220;Sald\u0131m \u00e7ay\u0131ra, Mevlam kay\u0131ra!&#8221; politikas\u0131. Do\u011fru d\u00fczg\u00fcn bir hayvanc\u0131l\u0131k politikam\u0131z olsa, Konya gibi su yoksunu bir yerde b\u00fcy\u00fckba\u015f [&hellip;]<\/p>\n","protected":false},"author":14,"featured_media":103848,"comment_status":"open","ping_status":"open","sticky":false,"template":"","format":"standard","meta":{"footnotes":""},"categories":[47],"tags":[],"class_list":["post-104034","post","type-post","status-publish","format-standard","has-post-thumbnail","hentry","category-erdogan-serin"],"views":715,"_links":{"self":[{"href":"https:\/\/mersingazetesi.com\/index.php\/wp-json\/wp\/v2\/posts\/104034","targetHints":{"allow":["GET"]}}],"collection":[{"href":"https:\/\/mersingazetesi.com\/index.php\/wp-json\/wp\/v2\/posts"}],"about":[{"href":"https:\/\/mersingazetesi.com\/index.php\/wp-json\/wp\/v2\/types\/post"}],"author":[{"embeddable":true,"href":"https:\/\/mersingazetesi.com\/index.php\/wp-json\/wp\/v2\/users\/14"}],"replies":[{"embeddable":true,"href":"https:\/\/mersingazetesi.com\/index.php\/wp-json\/wp\/v2\/comments?post=104034"}],"version-history":[{"count":0,"href":"https:\/\/mersingazetesi.com\/index.php\/wp-json\/wp\/v2\/posts\/104034\/revisions"}],"wp:featuredmedia":[{"embeddable":true,"href":"https:\/\/mersingazetesi.com\/index.php\/wp-json\/wp\/v2\/media\/103848"}],"wp:attachment":[{"href":"https:\/\/mersingazetesi.com\/index.php\/wp-json\/wp\/v2\/media?parent=104034"}],"wp:term":[{"taxonomy":"category","embeddable":true,"href":"https:\/\/mersingazetesi.com\/index.php\/wp-json\/wp\/v2\/categories?post=104034"},{"taxonomy":"post_tag","embeddable":true,"href":"https:\/\/mersingazetesi.com\/index.php\/wp-json\/wp\/v2\/tags?post=104034"}],"curies":[{"name":"wp","href":"https:\/\/api.w.org\/{rel}","templated":true}]}}