{"id":104030,"date":"2025-08-03T08:55:04","date_gmt":"2025-08-03T05:55:04","guid":{"rendered":"https:\/\/mersingazetesi.com\/?p=104030"},"modified":"2025-08-03T08:55:04","modified_gmt":"2025-08-03T05:55:04","slug":"yuzyilin-projeleriyle-turkiyeye-ornek-oluyoruz","status":"publish","type":"post","link":"https:\/\/mersingazetesi.com\/index.php\/2025\/08\/03\/yuzyilin-projeleriyle-turkiyeye-ornek-oluyoruz\/","title":{"rendered":"&#8216;Y\u00dcZYILIN PROJELER\u0130YLE T\u00dcRK\u0130YE&#8217;YE \u00d6RNEK OLUYORUZ&#8217;"},"content":{"rendered":"<div>\n<div dir=\"ltr\"><\/div>\n<p>Aile ve Sosyal Hizmetler iI M\u00fcd\u00fcrl\u00fc\u011f\u00fc b\u00fcnyesinde faaliyet g\u00f6steren \u00c7ocuk Haklar\u0131 Komitesi, \u00c7ocuk Koruma Mobil Ekipler Koordinat\u00f6r\u00fc, G\u00fcnd\u00fczl\u00fc Bak\u0131m ve Aktif Ya\u015fam Merkezi M\u00fcd\u00fcr\u00fc Mustafa Sar\u0131 TRT&#8217;de yay\u0131nlanan Hayat\u0131n i\u00e7inden program\u0131n\u0131n konu\u011fu oldu. Sar\u0131, Mersin&#8217;de Aile Y\u0131l\u0131 nedeniyle y\u00fcr\u00fct\u00fclen projelerden olan aile b\u00fct\u00fcnl\u00fc\u011f\u00fcn\u00fcn korunmas\u0131n\u0131 ama\u00e7layan &#8221; \u00c7ocuk yeti\u015fkin bulu\u015fmas\u0131 &#8220;Dede-Torun kayna\u015fmas\u0131 gibi farkl\u0131 ku\u015faklar\u0131 bir araya getiren projelerle ilgili \u00e7al\u0131\u015fmalar hakkinda bilgiler verdi.<\/p><\/div>\n<div dir=\"auto\"><\/div>\n<div dir=\"auto\">Sar\u0131, \u00f6zellikle k\u0131r\u0131lgan gruplar olarak tabir etti\u011fimiz dezavantajl\u0131 kesimlere y\u00f6nelik projelerin \u00e7ok gerekli oldu\u011funu bu kapsamdaki projelere \u00f6ncelik verdik. Akdeniz il\u00e7esinde Bal\u0131k Pazar\u0131ndaki eski Sosyal Hizmetler \u0130l M\u00fcd\u00fcrl\u00fc\u011f\u00fc bina adeta proje merkezi gibi \u00e7al\u0131\u0131uor. \u00c7ocuk ve yeti\u015fkinlerin kurs, gezi, piknik, kahvalt\u0131, yayla gezisi, yat gezisi gibi etkinliklerin bir b\u00f6l\u00fcm\u00fcn\u00fc yapt\u0131k yapmaya da devam ediyoruz.&#8221; dedi.<\/p>\n<div dir=\"ltr\"><\/div>\n<p>\u00d6te yandan sokakta \u00e7al\u0131\u015fan, \u00e7al\u0131\u015ft\u0131r\u0131lan \u00e7ocuklara y\u00f6nelik olarak mobil ekiplerin saha \u00e7al\u0131\u015fmas\u0131 ve aile ziyaretlerinin de s\u00fcrd\u00fc\u011f\u00fcn\u00fc s\u00f6yleyen Sar\u0131, &#8220;\u00d6zellikle son g\u00fcnlerde, baz\u0131 tv ve bas\u0131n organlar\u0131nda yer alan&#8221; 15 ya\u015f\u0131ndaki \u00e7ocu\u011fun sokakta limonata satt\u0131\u011f\u0131 &#8220;&#8230; gibi benzeri haberleri \u00fcz\u00fcnt\u00fc \u0130le takip ediyoruz. Cocu\u011fun her ne \u015fekilde olursa olsun medya organlar\u0131nda resimlerinin boy boy yay\u0131nlanmas\u0131 ve sokata \u00e7al\u0131\u015fmas\u0131 kabul edilemez. Mobil ekiplerimiz bahse konu \u00e7ocu\u011fun ailesini ziyaret ederek aileyle g\u00f6r\u00fc\u015fme yapm\u0131\u015flard\u0131r. Ailenin ekonomik durumunun iyi oldu\u011fu, forum civarinda oturduklar\u0131, \u00e7ocuklar\u0131n\u0131n arkada\u015flar\u0131n\u0131n te\u015fviki ile limonata satmaya gitti\u011fi anla\u015f\u0131lm\u0131\u015ft\u0131r.&#8221; \u015feklinde konu\u015ftu.<\/p>\n<div dir=\"ltr\"><\/div>\n<div dir=\"ltr\">Sar\u0131 \u015f\u00f6yle devam etti;<\/div>\n<p>&#8220;Bilindi\u011fi \u00fczere \u00fcllkemizin de alt\u0131na imza koydu\u011fu Uluslararas\u0131 \u00c7ocuk Haklar\u0131 S\u00f6zle\u015fmesi ve Uluslararas\u0131 \u00c7ocuk \u0130\u015f\u00e7ili\u011fi ile m\u00fccadele \u0130LO S\u00f6zle\u015fmesi ve kanunlar\u0131m\u0131za g\u00f6re de \u00e7ocuklar\u0131m\u0131z sokakta ve k\u00f6t\u00fc ko\u015fullarda \u00e7al\u0131\u015fmas\u0131 \u00e7al\u0131\u015ft\u0131r\u0131lmas\u0131 su\u00e7tur. Bu konuda herkesin duyarl\u0131 olmas\u0131n\u0131 ve deste\u011fini bekliyoruz. Bu konuda kar\u015f\u0131la\u015ft\u0131klar\u0131 durumlarda Alo 112 ve 183 nolu telefonu arayarak ba\u015fvuruda bulunabilirler.&#8221;<\/p>\n<div dir=\"ltr\"><\/div>\n<\/div>\n","protected":false},"excerpt":{"rendered":"<p>Aile ve Sosyal Hizmetler iI M\u00fcd\u00fcrl\u00fc\u011f\u00fc b\u00fcnyesinde faaliyet g\u00f6steren \u00c7ocuk Haklar\u0131 Komitesi, \u00c7ocuk Koruma Mobil Ekipler Koordinat\u00f6r\u00fc, G\u00fcnd\u00fczl\u00fc Bak\u0131m ve Aktif Ya\u015fam Merkezi M\u00fcd\u00fcr\u00fc Mustafa Sar\u0131 TRT&#8217;de yay\u0131nlanan Hayat\u0131n i\u00e7inden program\u0131n\u0131n konu\u011fu oldu. Sar\u0131, Mersin&#8217;de Aile Y\u0131l\u0131 nedeniyle y\u00fcr\u00fct\u00fclen projelerden olan aile b\u00fct\u00fcnl\u00fc\u011f\u00fcn\u00fcn korunmas\u0131n\u0131 ama\u00e7layan &#8221; \u00c7ocuk yeti\u015fkin bulu\u015fmas\u0131 &#8220;Dede-Torun kayna\u015fmas\u0131 gibi farkl\u0131 ku\u015faklar\u0131 bir [&hellip;]<\/p>\n","protected":false},"author":2,"featured_media":104019,"comment_status":"open","ping_status":"open","sticky":false,"template":"","format":"standard","meta":{"footnotes":""},"categories":[1],"tags":[],"class_list":["post-104030","post","type-post","status-publish","format-standard","has-post-thumbnail","hentry","category-gundem"],"views":343,"_links":{"self":[{"href":"https:\/\/mersingazetesi.com\/index.php\/wp-json\/wp\/v2\/posts\/104030","targetHints":{"allow":["GET"]}}],"collection":[{"href":"https:\/\/mersingazetesi.com\/index.php\/wp-json\/wp\/v2\/posts"}],"about":[{"href":"https:\/\/mersingazetesi.com\/index.php\/wp-json\/wp\/v2\/types\/post"}],"author":[{"embeddable":true,"href":"https:\/\/mersingazetesi.com\/index.php\/wp-json\/wp\/v2\/users\/2"}],"replies":[{"embeddable":true,"href":"https:\/\/mersingazetesi.com\/index.php\/wp-json\/wp\/v2\/comments?post=104030"}],"version-history":[{"count":0,"href":"https:\/\/mersingazetesi.com\/index.php\/wp-json\/wp\/v2\/posts\/104030\/revisions"}],"wp:featuredmedia":[{"embeddable":true,"href":"https:\/\/mersingazetesi.com\/index.php\/wp-json\/wp\/v2\/media\/104019"}],"wp:attachment":[{"href":"https:\/\/mersingazetesi.com\/index.php\/wp-json\/wp\/v2\/media?parent=104030"}],"wp:term":[{"taxonomy":"category","embeddable":true,"href":"https:\/\/mersingazetesi.com\/index.php\/wp-json\/wp\/v2\/categories?post=104030"},{"taxonomy":"post_tag","embeddable":true,"href":"https:\/\/mersingazetesi.com\/index.php\/wp-json\/wp\/v2\/tags?post=104030"}],"curies":[{"name":"wp","href":"https:\/\/api.w.org\/{rel}","templated":true}]}}