{"id":104015,"date":"2025-08-02T19:03:42","date_gmt":"2025-08-02T16:03:42","guid":{"rendered":"https:\/\/mersingazetesi.com\/?p=104015"},"modified":"2025-08-02T19:03:42","modified_gmt":"2025-08-02T16:03:42","slug":"nguyen-ilk-resmi-ziyaretini-mersine-gerceklestirdi","status":"publish","type":"post","link":"https:\/\/mersingazetesi.com\/index.php\/2025\/08\/02\/nguyen-ilk-resmi-ziyaretini-mersine-gerceklestirdi\/","title":{"rendered":"NGUYEN \u0130LK RESM\u0130 Z\u0130YARET\u0130N\u0130 MERS\u0130N&#8217;E GER\u00c7EKLE\u015eT\u0130RD\u0130"},"content":{"rendered":"<div>\n<div dir=\"auto\">G\u00f6revine yeni ba\u015flayan Vietnam Sosyalist Cumhuriyeti Ticaret Ata\u015fesi Hang Viet Nguyen, Ba\u015fkatip Truong Huu Nguyen ile birlikte ilk resmi ziyaretini Mersin\u2019e ger\u00e7ekle\u015ftirdi. Heyet, Mersin Ticaret ve Sanayi Odas\u0131 (<a role=\"link\" href=\"https:\/\/www.facebook.com\/hashtag\/mtso?__eep__=6&amp;__cft__[0]=AZV1qkd6ccVqa623b8Wyqpfxw26ATpfiiA-c-UJnqZNmv1b7HL1SDj3yhEd8KXaXOlHpzCAuT0HrdRuzlItX7iTUUW2e5FpQiBk4VsN6l8eVi6l1OoX2Tsf_6aeUu0TQkqFVahy4CvApVt6tpcqfGZs7qW5ocl5WE8UQhfPht56o5SeeGjyabO45bjrj2u7rblk&amp;__tn__=*NK-R\" target=\"_blank\" rel=\"noopener noreferrer\" data-saferedirecturl=\"https:\/\/www.google.com\/url?q=https:\/\/www.facebook.com\/hashtag\/mtso?__eep__%3D6%26__cft__%5B0%5D%3DAZV1qkd6ccVqa623b8Wyqpfxw26ATpfiiA-c-UJnqZNmv1b7HL1SDj3yhEd8KXaXOlHpzCAuT0HrdRuzlItX7iTUUW2e5FpQiBk4VsN6l8eVi6l1OoX2Tsf_6aeUu0TQkqFVahy4CvApVt6tpcqfGZs7qW5ocl5WE8UQhfPht56o5SeeGjyabO45bjrj2u7rblk%26__tn__%3D*NK-R&amp;source=gmail&amp;ust=1754236970286000&amp;usg=AOvVaw2-1lYUvSzXcXCdAGJruli4\">MTSO<\/a>) Y\u00f6netim Kurulu Ba\u015fkan\u0131 Hakan Sefa \u00c7ak\u0131r ile bir araya geldi.<\/div>\n<div dir=\"auto\"><\/div>\n<\/div>\n<div>\n<div dir=\"auto\">Ziyarette, iki \u00fclke aras\u0131ndaki ticari ili\u015fkilerin g\u00fc\u00e7lendirilmesi hedefiyle fikir al\u0131\u015fveri\u015finde bulunuldu. Vietnam\u2019\u0131n 100 milyonu a\u015fan n\u00fcfusuyla g\u00fc\u00e7l\u00fc bir pazar oldu\u011funu dile getiren Ata\u015fe Nguyen, Vietnam\u2019dan yola \u00e7\u0131kan konteynerlerin y\u00fczde 82\u2019sinin Mersin Liman\u0131\u2019na yana\u015fmas\u0131 nedeniyle ilk ziyareti Mersin\u2019e ger\u00e7ekle\u015ftirdiklerini aktard\u0131.<\/div>\n<\/div>\n<div>\n<div dir=\"auto\">Mevcut durumda d\u0131\u015f ticaret dengesinin Vietnam lehine oldu\u011funu belirten Nguyen, bu dengeyi kar\u015f\u0131l\u0131kl\u0131 i\u015f birlikleriyle sa\u011flamak istediklerini s\u00f6yledi. \u00d6zellikle Vietnam halk\u0131n\u0131n T\u00fcrk meyvelerine yo\u011fun ilgi g\u00f6sterdi\u011fini vurgulayan Nguyen, ba\u015fta meyve olmak \u00fczere bir\u00e7ok \u00fcr\u00fcn\u00fcn \u00fclkelerinde \u00f6nemli bir pazar bulabilece\u011fine dikkat \u00e7ekti.<\/div>\n<\/div>\n<div>\n<div dir=\"auto\">Nguyn\u2019un kar\u015f\u0131l\u0131kl\u0131 olarak ticareti art\u0131rmak \u00fczere Mersinli firmalar\u0131 4-6 Eyl\u00fcl\u2019de Vietnam\u2019da d\u00fczenlenecek Uluslararas\u0131 Tedarik\u00e7i Bulu\u015fmalar\u0131 organizasyonuna davet etmesi sonras\u0131, firmalar aras\u0131 d\u00fczenlenecek ikili i\u015f g\u00f6r\u00fc\u015fmeleriyle (B2B) i\u015f birliklerinin geli\u015ftirilebilece\u011fi vurguland\u0131<\/div>\n<\/div>\n","protected":false},"excerpt":{"rendered":"<p>G\u00f6revine yeni ba\u015flayan Vietnam Sosyalist Cumhuriyeti Ticaret Ata\u015fesi Hang Viet Nguyen, Ba\u015fkatip Truong Huu Nguyen ile birlikte ilk resmi ziyaretini Mersin\u2019e ger\u00e7ekle\u015ftirdi. Heyet, Mersin Ticaret ve Sanayi Odas\u0131 (MTSO) Y\u00f6netim Kurulu Ba\u015fkan\u0131 Hakan Sefa \u00c7ak\u0131r ile bir araya geldi. Ziyarette, iki \u00fclke aras\u0131ndaki ticari ili\u015fkilerin g\u00fc\u00e7lendirilmesi hedefiyle fikir al\u0131\u015fveri\u015finde bulunuldu. Vietnam\u2019\u0131n 100 milyonu a\u015fan n\u00fcfusuyla [&hellip;]<\/p>\n","protected":false},"author":2,"featured_media":104016,"comment_status":"open","ping_status":"open","sticky":false,"template":"","format":"standard","meta":{"footnotes":""},"categories":[1],"tags":[],"class_list":["post-104015","post","type-post","status-publish","format-standard","has-post-thumbnail","hentry","category-gundem"],"views":248,"_links":{"self":[{"href":"https:\/\/mersingazetesi.com\/index.php\/wp-json\/wp\/v2\/posts\/104015","targetHints":{"allow":["GET"]}}],"collection":[{"href":"https:\/\/mersingazetesi.com\/index.php\/wp-json\/wp\/v2\/posts"}],"about":[{"href":"https:\/\/mersingazetesi.com\/index.php\/wp-json\/wp\/v2\/types\/post"}],"author":[{"embeddable":true,"href":"https:\/\/mersingazetesi.com\/index.php\/wp-json\/wp\/v2\/users\/2"}],"replies":[{"embeddable":true,"href":"https:\/\/mersingazetesi.com\/index.php\/wp-json\/wp\/v2\/comments?post=104015"}],"version-history":[{"count":0,"href":"https:\/\/mersingazetesi.com\/index.php\/wp-json\/wp\/v2\/posts\/104015\/revisions"}],"wp:featuredmedia":[{"embeddable":true,"href":"https:\/\/mersingazetesi.com\/index.php\/wp-json\/wp\/v2\/media\/104016"}],"wp:attachment":[{"href":"https:\/\/mersingazetesi.com\/index.php\/wp-json\/wp\/v2\/media?parent=104015"}],"wp:term":[{"taxonomy":"category","embeddable":true,"href":"https:\/\/mersingazetesi.com\/index.php\/wp-json\/wp\/v2\/categories?post=104015"},{"taxonomy":"post_tag","embeddable":true,"href":"https:\/\/mersingazetesi.com\/index.php\/wp-json\/wp\/v2\/tags?post=104015"}],"curies":[{"name":"wp","href":"https:\/\/api.w.org\/{rel}","templated":true}]}}