{"id":103952,"date":"2025-08-01T13:52:02","date_gmt":"2025-08-01T10:52:02","guid":{"rendered":"https:\/\/mersingazetesi.com\/?p=103952"},"modified":"2025-08-01T17:51:33","modified_gmt":"2025-08-01T14:51:33","slug":"kanser-hastasi-kadinin-halk-kart-basvurusu-reddedildi-engelli-raporun-yoksa-ac-kalabilirsin","status":"publish","type":"post","link":"https:\/\/mersingazetesi.com\/index.php\/2025\/08\/01\/kanser-hastasi-kadinin-halk-kart-basvurusu-reddedildi-engelli-raporun-yoksa-ac-kalabilirsin\/","title":{"rendered":"Kanser Hastas\u0131 Kad\u0131n\u0131n Halk Kart Ba\u015fvurusu Reddedildi: \u201cEngelli Raporun Yoksa A\u00e7 Kalabilirsin!\u201d"},"content":{"rendered":"<div dir=\"ltr\">\n<p>HAT\u0130CE AKARCA<br \/>\nMersin\u2019de aktif kanser tedavisi g\u00f6ren bir vatanda\u015f\u0131n, Mersin B\u00fcy\u00fck\u015fehir Belediyesi\u2019ne yapt\u0131\u011f\u0131 Halk Kart sosyal yard\u0131m ba\u015fvurusu, yeterli puan al\u0131namad\u0131\u011f\u0131 gerek\u00e7esiyle reddedildi. Karar, kamuoyunda tepkiyle kar\u015f\u0131land\u0131.<\/p>\n<p>Sosyal Hizmetler Dairesi taraf\u0131ndan g\u00f6nderilen resmi yan\u0131tta, ba\u015fvurunun \u201cSosyal Yard\u0131mlar Y\u00f6netmeli\u011fi\u201d kapsam\u0131nda yap\u0131lan puanlama sistemine g\u00f6re yeterli kriterleri kar\u015f\u0131lamad\u0131\u011f\u0131 ifade edildi. Ancak sa\u011fl\u0131k durumu nedeniyle \u00e7al\u0131\u015famayacak halde olan vatanda\u015f\u0131n durumu g\u00f6z \u00f6n\u00fcnde bulundurulmadan verilen bu karar, sosyal yard\u0131m sistemine y\u00f6nelik ele\u015ftirileri beraberinde getirdi.<\/p>\n<p>Tedavi G\u00f6ren Vatanda\u015f Yard\u0131m Alam\u0131yor!<\/p>\n<p>\u0130ddiaya g\u00f6re kanser tedavisi g\u00f6ren ve ba\u011f\u0131\u015f\u0131kl\u0131k sistemi zay\u0131f olan vatanda\u015f, yard\u0131m talebinde bulundu\u011funda gerekli t\u0131bbi belgeleri sunarak \u00e7al\u0131\u015famaz durumda oldu\u011funu beyan etti. Ancak sistem, bu durumu \u201cengelli raporu\u201d olmadan dikkate almad\u0131. Sosyal yard\u0131m puan cetvelinden yeterli puan\u0131 alamayan vatanda\u015f\u0131n ba\u015fvurusu reddedildi.<\/p>\n<p>\u201cEvra\u011fa De\u011fil, Hayata Bak\u0131n\u201d<\/p>\n<p>Red karar\u0131n\u0131n ard\u0131ndan a\u00e7\u0131klama yapan ma\u011fdur vatanda\u015f, \u201cYard\u0131m eli beklerken, evrak eksikli\u011fi bahanesiyle d\u0131\u015fland\u0131m. E\u011fer sistem \u00e7al\u0131\u015fabilir oldu\u011fumu d\u00fc\u015f\u00fcn\u00fcyorsa, d\u00fc\u015f\u00fck stresli bir g\u00f6revde bile katk\u0131 sunmaya haz\u0131r\u0131m. Ancak \u015fu an ger\u00e7ekten maddi deste\u011fe ihtiyac\u0131m var,\u201d dedi.<br \/>\nA\u00e7\u0131klamas\u0131nda, karar\u0131n yeniden de\u011ferlendirilmesini talep ederek bu durumu toplumun vicdan\u0131na b\u0131rakt\u0131\u011f\u0131n\u0131 belirtti.<\/p>\n<p>Tepkiler B\u00fcy\u00fcyor: Sosyal Yard\u0131m Kriterleri Tart\u0131\u015f\u0131l\u0131yor<\/p>\n<p>Ya\u015fanan durum, sosyal yard\u0131mlar\u0131n yaln\u0131zca belirli belgeler ve puan sistemine g\u00f6re de\u011ferlendirilmesini tart\u0131\u015fmaya a\u00e7t\u0131.<br \/>\nVatanda\u015flar \u015fu sorular\u0131 dile getiriyor:<br \/>\n\u2022 Yard\u0131m kriterleri nedir, kimler yararlanabiliyor?<br \/>\n\u2022 Bug\u00fcne kadar benzer durumdaki ki\u015filere hangi gerek\u00e7elerle yard\u0131m sa\u011fland\u0131?<br \/>\n\u2022 Yard\u0131mlar adil ve e\u015fit \u015fekilde mi da\u011f\u0131t\u0131l\u0131yor?<\/p>\n<p>Sosyal Devlet \u0130lkesi Sorgulan\u0131yor<\/p>\n<p>Kanser gibi y\u0131prat\u0131c\u0131 bir hastal\u0131kla m\u00fccadele eden ki\u015filerin yaln\u0131zca \u201cengelli say\u0131lmad\u0131klar\u0131\u201d gerek\u00e7esiyle sosyal yard\u0131mdan mahrum kalmas\u0131, sosyal devlet anlay\u0131\u015f\u0131n\u0131n temelini sorgulat\u0131yor.<br \/>\nKamuoyunda y\u00fckselen tepki, yard\u0131m sisteminin yaln\u0131zca evraklara de\u011fil, bireylerin ya\u015fam ger\u00e7eklerine odaklanmas\u0131 gerekti\u011fini vurguluyor.<\/p>\n<p>Belediyeye \u00c7a\u011fr\u0131: \u015eeffafl\u0131k ve \u0130nsan Odakl\u0131 Yakla\u015f\u0131m<\/p>\n<p>Vatanda\u015flar, belediyeden sosyal yard\u0131m s\u00fcre\u00e7lerinin \u015feffaf ve adil \u015fekilde y\u00fcr\u00fct\u00fclmesini talep ederek, \u2018Yard\u0131mlar yaln\u0131zca y\u00f6netmelik maddelerine ve belge puanlamalar\u0131na de\u011fil, ger\u00e7ek ihtiya\u00e7lara ve insani ko\u015fullara g\u00f6re de\u011ferlendirilmelidir.\u2019 \u015feklinde tepkilerini g\u00f6sterdiler.<\/p>\n<p>\u201cTekrar De\u011ferlendirece\u011fiz\u201d<\/p>\n<p>Mersin B\u00fcy\u00fck\u015fehir Belediyesi Sosyal Hizmetler M\u00fcd\u00fcrl\u00fc\u011f\u00fc ise durumla ilgili bilgi verdi. Yap\u0131lan a\u00e7\u0131klamada, \u201cVatanda\u015f\u0131m\u0131z\u0131n talebi, kanser hastas\u0131 oldu\u011funa dair engelli raporu olmamas\u0131 nedeniyle reddedilmi\u015ftir. \u0130tiraz etmeniz durumunda tekrar de\u011ferlendirilecektir.\u201d denildi.<\/p>\n<\/div>\n","protected":false},"excerpt":{"rendered":"<p>HAT\u0130CE AKARCA Mersin\u2019de aktif kanser tedavisi g\u00f6ren bir vatanda\u015f\u0131n, Mersin B\u00fcy\u00fck\u015fehir Belediyesi\u2019ne yapt\u0131\u011f\u0131 Halk Kart sosyal yard\u0131m ba\u015fvurusu, yeterli puan al\u0131namad\u0131\u011f\u0131 gerek\u00e7esiyle reddedildi. Karar, kamuoyunda tepkiyle kar\u015f\u0131land\u0131. Sosyal Hizmetler Dairesi taraf\u0131ndan g\u00f6nderilen resmi yan\u0131tta, ba\u015fvurunun \u201cSosyal Yard\u0131mlar Y\u00f6netmeli\u011fi\u201d kapsam\u0131nda yap\u0131lan puanlama sistemine g\u00f6re yeterli kriterleri kar\u015f\u0131lamad\u0131\u011f\u0131 ifade edildi. Ancak sa\u011fl\u0131k durumu nedeniyle \u00e7al\u0131\u015famayacak halde olan [&hellip;]<\/p>\n","protected":false},"author":2,"featured_media":103949,"comment_status":"open","ping_status":"open","sticky":false,"template":"","format":"standard","meta":{"footnotes":""},"categories":[5],"tags":[],"class_list":["post-103952","post","type-post","status-publish","format-standard","has-post-thumbnail","hentry","category-saglik"],"views":1046,"_links":{"self":[{"href":"https:\/\/mersingazetesi.com\/index.php\/wp-json\/wp\/v2\/posts\/103952","targetHints":{"allow":["GET"]}}],"collection":[{"href":"https:\/\/mersingazetesi.com\/index.php\/wp-json\/wp\/v2\/posts"}],"about":[{"href":"https:\/\/mersingazetesi.com\/index.php\/wp-json\/wp\/v2\/types\/post"}],"author":[{"embeddable":true,"href":"https:\/\/mersingazetesi.com\/index.php\/wp-json\/wp\/v2\/users\/2"}],"replies":[{"embeddable":true,"href":"https:\/\/mersingazetesi.com\/index.php\/wp-json\/wp\/v2\/comments?post=103952"}],"version-history":[{"count":0,"href":"https:\/\/mersingazetesi.com\/index.php\/wp-json\/wp\/v2\/posts\/103952\/revisions"}],"wp:featuredmedia":[{"embeddable":true,"href":"https:\/\/mersingazetesi.com\/index.php\/wp-json\/wp\/v2\/media\/103949"}],"wp:attachment":[{"href":"https:\/\/mersingazetesi.com\/index.php\/wp-json\/wp\/v2\/media?parent=103952"}],"wp:term":[{"taxonomy":"category","embeddable":true,"href":"https:\/\/mersingazetesi.com\/index.php\/wp-json\/wp\/v2\/categories?post=103952"},{"taxonomy":"post_tag","embeddable":true,"href":"https:\/\/mersingazetesi.com\/index.php\/wp-json\/wp\/v2\/tags?post=103952"}],"curies":[{"name":"wp","href":"https:\/\/api.w.org\/{rel}","templated":true}]}}