{"id":103847,"date":"2025-07-31T12:10:51","date_gmt":"2025-07-31T09:10:51","guid":{"rendered":"https:\/\/mersingazetesi.com\/?p=103847"},"modified":"2025-07-31T12:10:51","modified_gmt":"2025-07-31T09:10:51","slug":"tarlada-kalan-karpuzla-enflasyon-dusmez","status":"publish","type":"post","link":"https:\/\/mersingazetesi.com\/index.php\/2025\/07\/31\/tarlada-kalan-karpuzla-enflasyon-dusmez\/","title":{"rendered":"TARLADA KALAN KARPUZLA ENFLASYON D\u00dc\u015eMEZ!"},"content":{"rendered":"<p>Ekonominin patronu Mehmet \u015eim\u015fek&#8217;in ve Merkez Ba\u015fkan\u0131 Fatih Karahan&#8217;\u0131n a\u00e7\u0131klamalar\u0131na bakarsak, Haziran 2024&#8217;den itibaren dezenflasyon s\u00fcrecine girecekmi\u015fiz!<br \/>\nMehmet \u015eim\u015fek&#8217;le, Fatih Karahan hi\u00e7 \u00e7ar\u015f\u0131ya, pazara \u00e7\u0131km\u0131yorlar herh\u00e2lde?! \u00c7ar\u015f\u0131ya, pazara \u00e7\u0131ksalar, s\u00f6ylediklerine kendileri de inanmazlar.<br \/>\nEnflasyonu Mehmet \u015eim\u015fek ve Fatih Karahan bilemez. Enflasyonu vatanda\u015f bilir. \u00c7\u00fcnk\u00fc ceremeyi \u00e7eken vatanda\u015ft\u0131r.<br \/>\nKarpuzu hari\u00e7 tutarsak, pazarlarda neredeyse y\u00fcz liran\u0131n alt\u0131nda meyve yok. \u00d6yle ki, limonun memleketi Silifke&#8217;de bir kilo limonun fiyat\u0131 seksen, y\u00fcz lira.<br \/>\nO Limon ki, \u00fcretici dal\u0131nda kilosunu be\u015f liraya zor satt\u0131. Ayn\u0131 \u015fey sebzeler i\u00e7in de ge\u00e7erli.<br \/>\nPazarlarda, t\u0131pk\u0131 meyvelerde oldu\u011fu gibi y\u00fcz liran\u0131n at\u0131nda sebze yok.<br \/>\n\u00dcstelik de inatla ve \u0131srarla s\u00fcrd\u00fcr\u00fclen \u00fcm\u00fck s\u0131kma politikalar\u0131na ra\u011fmen. \u00d6zellikle emekliler, beslenmeleri i\u00e7in gerekli \u015feyleri alam\u0131yorlar.<br \/>\nBir\u00e7ok emekli sadece seyretmek i\u00e7in pazarlar\u0131 geziyor.<br \/>\n\u00dcm\u00fck s\u0131kmakla bu i\u015fler olmaz.<br \/>\nUcuzluk istiyorsan\u0131z, \u00f6ncelikle \u00fcretimi art\u0131racaks\u0131n\u0131z.<br \/>\nBunun da yolu belli. \u00dcreticiye ciddi destek vereceksiniz.<br \/>\nBir\u00e7ok \u00fcreticinin zarar etmeleri nedeniyle \u00fcretimden \u00e7ekildiklerini Mehmet \u015eim\u015fek&#8217;in ve Fatih Karahan&#8217;\u0131n bilmemeleri m\u00fcmk\u00fcn m\u00fc?!<br \/>\nS\u0131radan vatanda\u015f\u0131n bildi\u011fini bu muhteremlerin bilmemeleri d\u00fc\u015f\u00fcn\u00fclemez. Mehmet \u015eim\u015fek&#8217;le Fatih Karahan \u00fcreticilere birazc\u0131k kulak verseler, vatanda\u015f\u0131n ne zorluklar \u00e7ekti\u011fini bilirler. \u00dclkemizde, bu \u0130ktidar tapumuzu ba\u015f\u0131m\u0131za bela etti diyen o kadar \u00e7ok \u00fcretici var ki!<br \/>\n\u00dclkemizin tar\u0131m ve hayvanc\u0131l\u0131k potansiyelini harekete ge\u00e7irmek yerine ithalat kolayc\u0131l\u0131\u011f\u0131na ba\u015fvurmak hem bu topraklara z\u00fcld\u00fcr, hem de akla ziyand\u0131r.<br \/>\nAyr\u0131ca, \u00fcreticiyi umursamamakt\u0131r.<br \/>\nUnutmayal\u0131m!<br \/>\nVatanda\u015f\u0131n inanmad\u0131\u011f\u0131 bir yerde enflasyon d\u00fc\u015fmez. D\u00fc\u015fer de t\u0131pk\u0131 bug\u00fcn oldu\u011fu gibi daha \u00e7ok \u00fcm\u00fck s\u0131kmakla d\u00fc\u015fer.<br \/>\n\u00dcm\u00fck s\u0131kmaktan kaynakl\u0131 feryatlar\u0131 duymad\u0131\u011f\u0131n\u0131z ortada.<br \/>\nDuysan\u0131z, insanca ya\u015famaya uygun bir geliri (ya da maa\u015f\u0131) vatanda\u015ftan esirgemesiniz.<br \/>\nDiyelim b\u00fct\u00fcn bunlar\u0131 g\u00f6rmediniz ve duymad\u0131n\u0131z. Bari hastaneleri gezin de yetersiz beslenmeden kaynakl\u0131 hastalar\u0131 g\u00f6r\u00fcn! G\u00f6r\u00fcn de \u00dclkemizin ac\u0131 ger\u00e7ekleriyle y\u00fczle\u015fin. Ger\u00e7eklere kulak t\u0131kad\u0131\u011f\u0131n\u0131z ve y\u00fczle\u015fmeden ka\u00e7t\u0131\u011f\u0131n\u0131z s\u00fcrece bu \u00fclke ekonomisi d\u00fczelmez.<br \/>\nD\u00fczelmesi i\u00e7in mucize olmas\u0131 laz\u0131m.<\/p>\n<p>&nbsp;<\/p>\n","protected":false},"excerpt":{"rendered":"<p>Ekonominin patronu Mehmet \u015eim\u015fek&#8217;in ve Merkez Ba\u015fkan\u0131 Fatih Karahan&#8217;\u0131n a\u00e7\u0131klamalar\u0131na bakarsak, Haziran 2024&#8217;den itibaren dezenflasyon s\u00fcrecine girecekmi\u015fiz! Mehmet \u015eim\u015fek&#8217;le, Fatih Karahan hi\u00e7 \u00e7ar\u015f\u0131ya, pazara \u00e7\u0131km\u0131yorlar herh\u00e2lde?! \u00c7ar\u015f\u0131ya, pazara \u00e7\u0131ksalar, s\u00f6ylediklerine kendileri de inanmazlar. Enflasyonu Mehmet \u015eim\u015fek ve Fatih Karahan bilemez. Enflasyonu vatanda\u015f bilir. \u00c7\u00fcnk\u00fc ceremeyi \u00e7eken vatanda\u015ft\u0131r. Karpuzu hari\u00e7 tutarsak, pazarlarda neredeyse y\u00fcz liran\u0131n alt\u0131nda [&hellip;]<\/p>\n","protected":false},"author":14,"featured_media":103848,"comment_status":"open","ping_status":"open","sticky":false,"template":"","format":"standard","meta":{"footnotes":""},"categories":[47],"tags":[],"class_list":["post-103847","post","type-post","status-publish","format-standard","has-post-thumbnail","hentry","category-erdogan-serin"],"views":543,"_links":{"self":[{"href":"https:\/\/mersingazetesi.com\/index.php\/wp-json\/wp\/v2\/posts\/103847","targetHints":{"allow":["GET"]}}],"collection":[{"href":"https:\/\/mersingazetesi.com\/index.php\/wp-json\/wp\/v2\/posts"}],"about":[{"href":"https:\/\/mersingazetesi.com\/index.php\/wp-json\/wp\/v2\/types\/post"}],"author":[{"embeddable":true,"href":"https:\/\/mersingazetesi.com\/index.php\/wp-json\/wp\/v2\/users\/14"}],"replies":[{"embeddable":true,"href":"https:\/\/mersingazetesi.com\/index.php\/wp-json\/wp\/v2\/comments?post=103847"}],"version-history":[{"count":0,"href":"https:\/\/mersingazetesi.com\/index.php\/wp-json\/wp\/v2\/posts\/103847\/revisions"}],"wp:featuredmedia":[{"embeddable":true,"href":"https:\/\/mersingazetesi.com\/index.php\/wp-json\/wp\/v2\/media\/103848"}],"wp:attachment":[{"href":"https:\/\/mersingazetesi.com\/index.php\/wp-json\/wp\/v2\/media?parent=103847"}],"wp:term":[{"taxonomy":"category","embeddable":true,"href":"https:\/\/mersingazetesi.com\/index.php\/wp-json\/wp\/v2\/categories?post=103847"},{"taxonomy":"post_tag","embeddable":true,"href":"https:\/\/mersingazetesi.com\/index.php\/wp-json\/wp\/v2\/tags?post=103847"}],"curies":[{"name":"wp","href":"https:\/\/api.w.org\/{rel}","templated":true}]}}