{"id":103763,"date":"2025-07-30T11:02:48","date_gmt":"2025-07-30T08:02:48","guid":{"rendered":"https:\/\/mersingazetesi.com\/?p=103763"},"modified":"2025-07-30T11:18:26","modified_gmt":"2025-07-30T08:18:26","slug":"sultanlar-da-esir-duser","status":"publish","type":"post","link":"https:\/\/mersingazetesi.com\/index.php\/2025\/07\/30\/sultanlar-da-esir-duser\/","title":{"rendered":"SULTANLAR DA ES\u0130R D\u00dc\u015eER!"},"content":{"rendered":"<div>B\u00fcy\u00fck Sel\u00e7uklu Devleti H\u00fck\u00fcmdar\u0131 olan Sultan Sencer, (D.T: 1086 \u00d6.T: 1157) daha \u00f6nce yapt\u0131klar\u0131 anla\u015fmalara uymayarak, y\u0131ll\u0131k yirmi bin koyunluk vergiyi vermeyi reddeden O\u011fuzlar&#8217;a ve m\u00fcttefiklerine kar\u015f\u0131 sava\u015f a\u00e7ar.<\/div>\n<div>Ancak, bug\u00fcnk\u00fc Afganistan s\u0131n\u0131rlar\u0131 i\u00e7inde kalan Belh \u015eehri civar\u0131nda ge\u00e7en \u00e7arp\u0131\u015fmada Sencer&#8217;in Ordusu yenilir ve Sultan Sencer O\u011fuz \u0130ttifak\u0131&#8217;na esir d\u00fc\u015fer.<\/div>\n<div>O\u011fuz \u0130ttifak\u0131 bu sava\u015fta Horasan&#8217;\u0131 tamamen eline ge\u00e7irir.<\/div>\n<div>Fakat Sultan Sencer&#8217;i \u00f6ld\u00fcrmeyip, B\u00fcy\u00fck Sel\u00e7uklu Devleti H\u00fck\u00fcmdar\u0131 olarak tan\u0131may\u0131 kabul eder.<\/div>\n<div>Devleti bu s\u00fcre zarf\u0131nda Sultan Sencer&#8217;in kar\u0131s\u0131 Terken Hatun y\u00f6netir. Sultan Sencer \u00fc\u00e7 y\u0131l s\u00fcren esaretin ard\u0131ndan O\u011fuzlar&#8217;\u0131n elinden bir \u015fekilde kurtulmay\u0131 ba\u015far\u0131r ve \u00f6zg\u00fcrl\u00fc\u011f\u00fcne kavu\u015ftuktan sonra 1156 y\u0131l\u0131nda tekrar B\u00fcy\u00fck Sel\u00e7uklu Devleti&#8217;nin ba\u015f\u0131na ge\u00e7er.<\/div>\n<div>\u0130lk i\u015f olarak da muhtemel O\u011fuz sald\u0131r\u0131lar\u0131na kar\u015f\u0131 ittifaklar kurup tedbir al\u0131r. 1157 y\u0131l\u0131nda da \u00f6l\u00fcr.<\/div>\n<div><\/div>\n<div>Peki, Sultan Sencer kimdir?<\/div>\n<div>Babas\u0131 Melik\u015fah&#8217;\u0131n bir seferi s\u0131ras\u0131nda Sincar&#8217;da do\u011fdu\u011fu i\u00e7in Sencer ad\u0131n\u0131 al\u0131r.<\/div>\n<div>Hen\u00fcz on iki ya\u015f\u0131nda iken Horasan Valisi (Horasan Sel\u00e7uklu Sultan\u0131) olur ve Horasan&#8217;\u0131 yirmi y\u0131l boyunca ba\u015far\u0131l\u0131 bir \u015fekilde y\u00f6netir. 1118 y\u0131l\u0131nda da B\u00fcy\u00fck Sel\u00e7uklu Devleti H\u00fck\u00fcmdar\u0131 olur.<\/div>\n<div><\/div>\n<div>\n<div>\u00a0 \u00a0 \u00a0 \u00a0 \u00a0 \u00a0 \u00a0 \u00a0 \u00a0B\u0130LGE KA\u011eAN<\/div>\n<div dir=\"ltr\"><\/div>\n<div>&#8220;Ey Milletim! Bilgisiz ki\u015finin pe\u015fine d\u00fc\u015fme! Yoksa a\u00e7, sefil, \u00e7\u0131plak ve yurtsuz kal\u0131rs\u0131n!&#8221;<\/div>\n<div dir=\"ltr\"><\/div>\n<p>Bilge Ka\u011fan (683 &#8211; 735)<\/p>\n<div dir=\"ltr\"><\/div>\n<p>\u0130lteri\u015f Ka\u011fan&#8217;\u0131n o\u011flu olup, kesintisiz 24 y\u0131l G\u00f6kt\u00fcrk Devleti&#8217;ni y\u00f6netmi\u015ftir.<\/p><\/div>\n","protected":false},"excerpt":{"rendered":"<p>B\u00fcy\u00fck Sel\u00e7uklu Devleti H\u00fck\u00fcmdar\u0131 olan Sultan Sencer, (D.T: 1086 \u00d6.T: 1157) daha \u00f6nce yapt\u0131klar\u0131 anla\u015fmalara uymayarak, y\u0131ll\u0131k yirmi bin koyunluk vergiyi vermeyi reddeden O\u011fuzlar&#8217;a ve m\u00fcttefiklerine kar\u015f\u0131 sava\u015f a\u00e7ar. Ancak, bug\u00fcnk\u00fc Afganistan s\u0131n\u0131rlar\u0131 i\u00e7inde kalan Belh \u015eehri civar\u0131nda ge\u00e7en \u00e7arp\u0131\u015fmada Sencer&#8217;in Ordusu yenilir ve Sultan Sencer O\u011fuz \u0130ttifak\u0131&#8217;na esir d\u00fc\u015fer. O\u011fuz \u0130ttifak\u0131 bu sava\u015fta Horasan&#8217;\u0131 [&hellip;]<\/p>\n","protected":false},"author":14,"featured_media":102332,"comment_status":"open","ping_status":"open","sticky":false,"template":"","format":"standard","meta":{"footnotes":""},"categories":[47],"tags":[],"class_list":["post-103763","post","type-post","status-publish","format-standard","has-post-thumbnail","hentry","category-erdogan-serin"],"views":589,"_links":{"self":[{"href":"https:\/\/mersingazetesi.com\/index.php\/wp-json\/wp\/v2\/posts\/103763","targetHints":{"allow":["GET"]}}],"collection":[{"href":"https:\/\/mersingazetesi.com\/index.php\/wp-json\/wp\/v2\/posts"}],"about":[{"href":"https:\/\/mersingazetesi.com\/index.php\/wp-json\/wp\/v2\/types\/post"}],"author":[{"embeddable":true,"href":"https:\/\/mersingazetesi.com\/index.php\/wp-json\/wp\/v2\/users\/14"}],"replies":[{"embeddable":true,"href":"https:\/\/mersingazetesi.com\/index.php\/wp-json\/wp\/v2\/comments?post=103763"}],"version-history":[{"count":0,"href":"https:\/\/mersingazetesi.com\/index.php\/wp-json\/wp\/v2\/posts\/103763\/revisions"}],"wp:featuredmedia":[{"embeddable":true,"href":"https:\/\/mersingazetesi.com\/index.php\/wp-json\/wp\/v2\/media\/102332"}],"wp:attachment":[{"href":"https:\/\/mersingazetesi.com\/index.php\/wp-json\/wp\/v2\/media?parent=103763"}],"wp:term":[{"taxonomy":"category","embeddable":true,"href":"https:\/\/mersingazetesi.com\/index.php\/wp-json\/wp\/v2\/categories?post=103763"},{"taxonomy":"post_tag","embeddable":true,"href":"https:\/\/mersingazetesi.com\/index.php\/wp-json\/wp\/v2\/tags?post=103763"}],"curies":[{"name":"wp","href":"https:\/\/api.w.org\/{rel}","templated":true}]}}