{"id":103531,"date":"2025-07-27T11:34:36","date_gmt":"2025-07-27T08:34:36","guid":{"rendered":"https:\/\/mersingazetesi.com\/?p=103531"},"modified":"2025-07-27T12:56:01","modified_gmt":"2025-07-27T09:56:01","slug":"burak-serkan-senirden-bronz","status":"publish","type":"post","link":"https:\/\/mersingazetesi.com\/index.php\/2025\/07\/27\/burak-serkan-senirden-bronz\/","title":{"rendered":"MERS\u0130NL\u0130 TAEKWONDOCULARDAN 3 MADALYA"},"content":{"rendered":"<p>\u0130stanbul&#8217;da d\u00fczenlenen Avrupa Para Gen\u00e7lik Oyunlar\u0131&#8217;nda T\u00fcrkiye&#8217;yi temsil milli taekwondocu <span class=\"html-span xexx8yu xyri2b x18d9i69 x1c1uobl x1hl2dhg x16tdsg8 x1vvkbs x3nfvp2 x1j61x8r x1fcty0u xdj266r xat24cr xm2jcoa x1mpyi22 xxymvpz xlup9mm x1kky2od\">Mahmut Arda Do\u011fan \u015fampiyon olurken, Kerem K\u0131l ve <\/span>Burak Serkan Senir bronz madalyan\u0131n sahibi oldular.<\/p>\n<p>Taekwondo bran\u015f\u0131nda ba\u015far\u0131dan ba\u015far\u0131ya ko\u015fan ay-y\u0131ld\u0131zl\u0131 sporcular, Temmuz ay\u0131 boyunca \u00fc\u00e7 b\u00fcy\u00fck uluslararas\u0131 organizasyonda T\u00fcrkiye&#8217;yi temsil etti. B\u00fcy\u00fck organizasyonlarda gurur kayna\u011f\u0131 olan Burak Serkan Senir, 21-28 Temmuz tarihleri aras\u0131nda \u0130stanbul\u2019da d\u00fczenlenen Avrupa Para Gen\u00e7lik Oyunlar\u0131 (EPYG) kapsam\u0131nda 70 kg kategorisinde bronz madalyan\u0131n sahibi oldu. Burak Serkan Senir, \u00fcst\u00fcn performans\u0131 ve azmiyle dikkat \u00e7ekerken, Silifke halk\u0131 da gen\u00e7 sporcunun bu \u00f6nemli m\u00fccadeledeki ba\u015far\u0131s\u0131 i\u00e7in b\u00fcy\u00fck heyecan ya\u015fad\u0131.<\/p>\n<p>&nbsp;<\/p>\n<p><span class=\"xt0psk2\">T\u00fcrkiye Taekwondo Federasyonu<\/span>&#8216;da Milli Antren\u00f6r \u0130brahim Sava\u015f A\u00e7\u0131kg\u00f6z, &#8221;Kul\u00fcb\u00fcm\u00fcn \u00d6zel Sporcular\u0131 Silifke\u2018nin gururu oldular. <span class=\"html-span xexx8yu xyri2b x18d9i69 x1c1uobl x1hl2dhg x16tdsg8 x1vvkbs x3nfvp2 x1j61x8r x1fcty0u xdj266r xat24cr xm2jcoa x1mpyi22 xxymvpz xlup9mm x1kky2od\">Mahmut Arda Do\u011fan Eski\u015fehir ilinde yap\u0131lan iller aras\u0131 Para- Poomsae dal\u0131nda \u015fampiyon olmu\u015ftur. <\/span>Kerem K\u0131l ve Burak Serkan Senir \u0130stanbul\u2019da yap\u0131lan Avrupa Para &#8211; Taekwondo Gen\u00e7lik oyunlar\u0131nda her ikiside Avrupa \u00fc\u00e7\u00fcnc\u00fcs\u00fc olmu\u015ftur. Sizlerle gurur duyuyorum \u00e7ocuklar. Taekwondo T\u00fcrk milli Tak\u0131m\u0131\u2019n\u0131n, Mersinimizin ve Silifkemizin gururu oldunuz.&#8221; dedi.<\/p>\n","protected":false},"excerpt":{"rendered":"<p>\u0130stanbul&#8217;da d\u00fczenlenen Avrupa Para Gen\u00e7lik Oyunlar\u0131&#8217;nda T\u00fcrkiye&#8217;yi temsil milli taekwondocu Mahmut Arda Do\u011fan \u015fampiyon olurken, Kerem K\u0131l ve Burak Serkan Senir bronz madalyan\u0131n sahibi oldular. Taekwondo bran\u015f\u0131nda ba\u015far\u0131dan ba\u015far\u0131ya ko\u015fan ay-y\u0131ld\u0131zl\u0131 sporcular, Temmuz ay\u0131 boyunca \u00fc\u00e7 b\u00fcy\u00fck uluslararas\u0131 organizasyonda T\u00fcrkiye&#8217;yi temsil etti. B\u00fcy\u00fck organizasyonlarda gurur kayna\u011f\u0131 olan Burak Serkan Senir, 21-28 Temmuz tarihleri aras\u0131nda \u0130stanbul\u2019da [&hellip;]<\/p>\n","protected":false},"author":2,"featured_media":103532,"comment_status":"open","ping_status":"open","sticky":false,"template":"","format":"standard","meta":{"footnotes":""},"categories":[6],"tags":[],"class_list":["post-103531","post","type-post","status-publish","format-standard","has-post-thumbnail","hentry","category-spor"],"views":572,"_links":{"self":[{"href":"https:\/\/mersingazetesi.com\/index.php\/wp-json\/wp\/v2\/posts\/103531","targetHints":{"allow":["GET"]}}],"collection":[{"href":"https:\/\/mersingazetesi.com\/index.php\/wp-json\/wp\/v2\/posts"}],"about":[{"href":"https:\/\/mersingazetesi.com\/index.php\/wp-json\/wp\/v2\/types\/post"}],"author":[{"embeddable":true,"href":"https:\/\/mersingazetesi.com\/index.php\/wp-json\/wp\/v2\/users\/2"}],"replies":[{"embeddable":true,"href":"https:\/\/mersingazetesi.com\/index.php\/wp-json\/wp\/v2\/comments?post=103531"}],"version-history":[{"count":0,"href":"https:\/\/mersingazetesi.com\/index.php\/wp-json\/wp\/v2\/posts\/103531\/revisions"}],"wp:featuredmedia":[{"embeddable":true,"href":"https:\/\/mersingazetesi.com\/index.php\/wp-json\/wp\/v2\/media\/103532"}],"wp:attachment":[{"href":"https:\/\/mersingazetesi.com\/index.php\/wp-json\/wp\/v2\/media?parent=103531"}],"wp:term":[{"taxonomy":"category","embeddable":true,"href":"https:\/\/mersingazetesi.com\/index.php\/wp-json\/wp\/v2\/categories?post=103531"},{"taxonomy":"post_tag","embeddable":true,"href":"https:\/\/mersingazetesi.com\/index.php\/wp-json\/wp\/v2\/tags?post=103531"}],"curies":[{"name":"wp","href":"https:\/\/api.w.org\/{rel}","templated":true}]}}