{"id":103525,"date":"2025-07-27T10:06:45","date_gmt":"2025-07-27T07:06:45","guid":{"rendered":"https:\/\/mersingazetesi.com\/?p=103525"},"modified":"2025-07-27T10:06:45","modified_gmt":"2025-07-27T07:06:45","slug":"terorsuz-turkiye-icin-toplumsal-mutabakat-sart","status":"publish","type":"post","link":"https:\/\/mersingazetesi.com\/index.php\/2025\/07\/27\/terorsuz-turkiye-icin-toplumsal-mutabakat-sart\/","title":{"rendered":"TER\u00d6RS\u00dcZ T\u00dcRK\u0130YE \u0130\u00c7\u0130N TOPLUMSAL MUTABAKAT \u015eART!"},"content":{"rendered":"<p>Ter\u00f6rs\u00fcz T\u00fcrkiye&#8217;ye bu \u00dclke&#8217;nin ve bu Millet&#8217;in iyili\u011fini, esenli\u011fini d\u00fc\u015f\u00fcnen, isteyen ve dileyen hi\u00e7bir vatanda\u015f\u0131m\u0131z kar\u015f\u0131 \u00e7\u0131kmaz. \u00dclke&#8217;yi y\u00f6netmeye talip olmu\u015f siyaset\u00e7iler zaten kar\u015f\u0131 \u00e7\u0131kmaz.<br \/>\nHaliyle Musavvat Dervi\u015fo\u011flu da kar\u015f\u0131 \u00e7\u0131kmaz.<br \/>\nMusavvat Dervi\u015fo\u011flu&#8217;nun itiraz\u0131, bu i\u015fin y\u00fcr\u00fct\u00fclme \u015fekline ve tarz\u0131nad\u0131r.<br \/>\nDaha do\u011frusu y\u00f6nteminedir.<br \/>\nDervi\u015fo\u011flu, ter\u00f6r \u00f6rg\u00fct\u00fcn\u00fcn ve ba\u015f\u0131n\u0131n me\u015frula\u015ft\u0131r\u0131lmas\u0131n\u0131 do\u011fru bulmuyor.<br \/>\nBar\u0131\u015f\u0131n da ancak iki devlet aras\u0131nda olabilece\u011fini s\u00f6yl\u00fcyor ve kanaatimce bunda da gayet hakl\u0131 g\u00f6r\u00fcn\u00fcyor.<br \/>\nAna Muhalefet Partisi Lideri&#8217;nin itiraz\u0131 ise iktidar\u0131n \u00f6zg\u00fcrl\u00fck, demokrasi, hukuk ve adalet anlay\u0131\u015f\u0131nad\u0131r. \u00d6zg\u00fcr \u00d6zel, Avrupa \u0130nsan Haklar\u0131 Mahkemesi kararlar\u0131 ile Anayasa Mahkemesi kararlar\u0131n\u0131 uygulamayan ve bir\u00e7o\u011fu se\u00e7imle i\u015f ba\u015f\u0131na gelmi\u015f ve hen\u00fcz su\u00e7lulu\u011fu kan\u0131tlanmam\u0131\u015f insanlar\u0131n tutuksuz yarg\u0131lanmalar\u0131na yana\u015fmayan ve milli iradeyi ortadan kald\u0131rd\u0131\u011f\u0131 a\u015fikar olan kayy\u0131m uygulamas\u0131nda inat ve \u0131srar eden bir iktidar\u0131n T\u00fcrkiye&#8217;yi demokratikle\u015ftirebilece\u011fine ve hukuk alan\u0131nda da iyile\u015ftirmeler yapabilece\u011fine inanm\u0131yor. Ayr\u0131ca, iktidar\u0131n kendi ikbal hesaplar\u0131n\u0131 bu i\u015fin i\u00e7ine kar\u0131\u015ft\u0131rmas\u0131ndan \u015f\u00fcphe etti\u011fi i\u00e7in de s\u00fcrece \u015fartl\u0131 destek veriyor.<br \/>\nGe\u00e7mi\u015fte ya\u015fanan ac\u0131lar bir daha ya\u015fanmas\u0131n diye de s\u00fcrecin a\u00e7\u0131k ve \u015feffaf bir \u015fekilde y\u00fcr\u00fct\u00fclmesini istiyor. Ter\u00f6rs\u00fcz T\u00fcrkiye s\u00fcrecinin ba\u015far\u0131l\u0131 olabilmesi i\u00e7in iktidar\u0131n bu \u00e7ekinceleri ve hassasiyetleri dikkate al\u0131p, gere\u011fini bir an \u00f6nce yerine getirmesi laz\u0131m.<br \/>\n\u00c7\u00fcnk\u00fc Ana Muhalefet Partisi i\u015fin i\u00e7inde olmadan bu sorun \u00e7\u00f6z\u00fclmez.<br \/>\nAsl\u0131nda, \u00e7ekincelerini ve hassasiyetlerini de dikkate alarak, Meclis&#8217;te gurubu bulunan t\u00fcm siyasi partileri bu s\u00fcrece dahil etmek i\u015fin en do\u011frusudur. Unutmayal\u0131m!<br \/>\nTer\u00f6rs\u00fcz T\u00fcrkiye&#8217;nin yolu, insan hak ve \u00f6zg\u00fcrl\u00fcklerini esas alan ve hukukun \u00fcst\u00fcnl\u00fc\u011f\u00fcne inanan demokratik bir T\u00fcrkiye&#8217;den ge\u00e7er.<br \/>\nDemokratik T\u00fcrkiye&#8217;yi in\u015fa etmesi gereken de \u00f6ncelikle siyasal iktidardad\u0131r.<br \/>\nElinde imkanlar oldu\u011fu halde bu konuda ad\u0131mlar atmayan bir siyasal iktidar, hakk\u0131n ve adaletin egemen oldu\u011fu demokratik T\u00fcrkiye&#8217;yi in\u015fa edemez.<br \/>\nUmar\u0131m yan\u0131l\u0131r\u0131m!?<br \/>\nKe\u015fke yan\u0131lsam da g\u00fczel \u00dclkemiz ter\u00f6r belas\u0131ndan ebediyen kurtulsa!<br \/>\nKe\u015fke yan\u0131lsam da g\u00fczel \u00dclkemiz en geni\u015f man\u00e2da demokratik bir hukuk devleti olabilse!<br \/>\n\u0130nsan hak ve \u00f6zg\u00fcrl\u00fcklerinin, demokrasinin, hukukun ve adaletin egemen oldu\u011fu mutlu ve m\u00fcreffeh bir T\u00fcrkiye&#8217;de, millet\u00e7e huzur ve g\u00fcven i\u00e7inde ya\u015famam\u0131z umut ve dile\u011fimle esen kal\u0131n!<\/p>\n","protected":false},"excerpt":{"rendered":"<p>Ter\u00f6rs\u00fcz T\u00fcrkiye&#8217;ye bu \u00dclke&#8217;nin ve bu Millet&#8217;in iyili\u011fini, esenli\u011fini d\u00fc\u015f\u00fcnen, isteyen ve dileyen hi\u00e7bir vatanda\u015f\u0131m\u0131z kar\u015f\u0131 \u00e7\u0131kmaz. \u00dclke&#8217;yi y\u00f6netmeye talip olmu\u015f siyaset\u00e7iler zaten kar\u015f\u0131 \u00e7\u0131kmaz. Haliyle Musavvat Dervi\u015fo\u011flu da kar\u015f\u0131 \u00e7\u0131kmaz. Musavvat Dervi\u015fo\u011flu&#8217;nun itiraz\u0131, bu i\u015fin y\u00fcr\u00fct\u00fclme \u015fekline ve tarz\u0131nad\u0131r. Daha do\u011frusu y\u00f6nteminedir. Dervi\u015fo\u011flu, ter\u00f6r \u00f6rg\u00fct\u00fcn\u00fcn ve ba\u015f\u0131n\u0131n me\u015frula\u015ft\u0131r\u0131lmas\u0131n\u0131 do\u011fru bulmuyor. Bar\u0131\u015f\u0131n da ancak iki [&hellip;]<\/p>\n","protected":false},"author":14,"featured_media":102332,"comment_status":"open","ping_status":"open","sticky":false,"template":"","format":"standard","meta":{"footnotes":""},"categories":[47],"tags":[],"class_list":["post-103525","post","type-post","status-publish","format-standard","has-post-thumbnail","hentry","category-erdogan-serin"],"views":444,"_links":{"self":[{"href":"https:\/\/mersingazetesi.com\/index.php\/wp-json\/wp\/v2\/posts\/103525","targetHints":{"allow":["GET"]}}],"collection":[{"href":"https:\/\/mersingazetesi.com\/index.php\/wp-json\/wp\/v2\/posts"}],"about":[{"href":"https:\/\/mersingazetesi.com\/index.php\/wp-json\/wp\/v2\/types\/post"}],"author":[{"embeddable":true,"href":"https:\/\/mersingazetesi.com\/index.php\/wp-json\/wp\/v2\/users\/14"}],"replies":[{"embeddable":true,"href":"https:\/\/mersingazetesi.com\/index.php\/wp-json\/wp\/v2\/comments?post=103525"}],"version-history":[{"count":0,"href":"https:\/\/mersingazetesi.com\/index.php\/wp-json\/wp\/v2\/posts\/103525\/revisions"}],"wp:featuredmedia":[{"embeddable":true,"href":"https:\/\/mersingazetesi.com\/index.php\/wp-json\/wp\/v2\/media\/102332"}],"wp:attachment":[{"href":"https:\/\/mersingazetesi.com\/index.php\/wp-json\/wp\/v2\/media?parent=103525"}],"wp:term":[{"taxonomy":"category","embeddable":true,"href":"https:\/\/mersingazetesi.com\/index.php\/wp-json\/wp\/v2\/categories?post=103525"},{"taxonomy":"post_tag","embeddable":true,"href":"https:\/\/mersingazetesi.com\/index.php\/wp-json\/wp\/v2\/tags?post=103525"}],"curies":[{"name":"wp","href":"https:\/\/api.w.org\/{rel}","templated":true}]}}