{"id":103380,"date":"2025-07-24T17:49:08","date_gmt":"2025-07-24T14:49:08","guid":{"rendered":"https:\/\/mersingazetesi.com\/?p=103380"},"modified":"2025-07-24T17:49:08","modified_gmt":"2025-07-24T14:49:08","slug":"son-baris-lozan-anlasmasi-kutlu-olsun","status":"publish","type":"post","link":"https:\/\/mersingazetesi.com\/index.php\/2025\/07\/24\/son-baris-lozan-anlasmasi-kutlu-olsun\/","title":{"rendered":"SON BARI\u015e LOZAN ANLA\u015eMASI KUTLU OLSUN..!"},"content":{"rendered":"<p>ANADOLU TAR\u0130H\u0130NDE LOZAN ANLA\u015eMASI SAYES\u0130NDE BU TOPRAKLARDA:<\/p>\n<div dir=\"ltr\"><\/div>\n<div dir=\"ltr\"><\/div>\n<p>-CUMHUR\u0130YET \u0130LAN ED\u0130LD\u0130, TEK ADAM \/SARAY REJ\u0130M\u0130NDEN PARLEMENTER REJ\u0130ME GE\u00c7\u0130LD\u0130,<\/p>\n<div dir=\"ltr\"><\/div>\n<div dir=\"ltr\"><\/div>\n<p>-KAP\u00dcT\u00dcLASYONLAR KALKTI,<\/p>\n<div dir=\"ltr\"><\/div>\n<div dir=\"ltr\"><\/div>\n<p>-BABALAR VE ANNELER \u00c7OCUKLARININ D\u00dc\u011e\u00dcNLER\u0130N\u0130 G\u00d6RD\u00dcLER&#8230;<\/p>\n<div dir=\"ltr\"><\/div>\n<div dir=\"ltr\"><\/div>\n<p>-BU TOPRAKLARDA \u0130LK KEZ DEDE -TORUN \u0130L\u0130\u015eK\u0130S\u0130 YA\u015eANMAYA BA\u015eLANDI&#8230;<\/p>\n<div dir=\"ltr\"><\/div>\n<div dir=\"ltr\"><\/div>\n<p>-T.C. VATANDA\u015eLARI ONURUYLA YA\u015eADI,<\/p>\n<div dir=\"ltr\"><\/div>\n<div dir=\"ltr\"><\/div>\n<p>YA\u015eASIN LOZAN BAYRAMI..!<\/p>\n<div dir=\"ltr\"><\/div>\n<div dir=\"ltr\"><\/div>\n<p>(1930&#8217;LARDAN, 1950&#8217;LERE KADAR LOZAN, HATAY\u2019IN ANAVATANA KATILMASIYLA B\u0130RL\u0130KTE BAYRAM OLARAK KUTLANDI)<\/p>\n","protected":false},"excerpt":{"rendered":"<p>ANADOLU TAR\u0130H\u0130NDE LOZAN ANLA\u015eMASI SAYES\u0130NDE BU TOPRAKLARDA: -CUMHUR\u0130YET \u0130LAN ED\u0130LD\u0130, TEK ADAM \/SARAY REJ\u0130M\u0130NDEN PARLEMENTER REJ\u0130ME GE\u00c7\u0130LD\u0130, -KAP\u00dcT\u00dcLASYONLAR KALKTI, -BABALAR VE ANNELER \u00c7OCUKLARININ D\u00dc\u011e\u00dcNLER\u0130N\u0130 G\u00d6RD\u00dcLER&#8230; -BU TOPRAKLARDA \u0130LK KEZ DEDE -TORUN \u0130L\u0130\u015eK\u0130S\u0130 YA\u015eANMAYA BA\u015eLANDI&#8230; -T.C. VATANDA\u015eLARI ONURUYLA YA\u015eADI, YA\u015eASIN LOZAN BAYRAMI..! (1930&#8217;LARDAN, 1950&#8217;LERE KADAR LOZAN, HATAY\u2019IN ANAVATANA KATILMASIYLA B\u0130RL\u0130KTE BAYRAM OLARAK KUTLANDI)<\/p>\n","protected":false},"author":13,"featured_media":103022,"comment_status":"open","ping_status":"open","sticky":false,"template":"","format":"standard","meta":{"footnotes":""},"categories":[28],"tags":[],"class_list":["post-103380","post","type-post","status-publish","format-standard","has-post-thumbnail","hentry","category-serdar-erkan"],"views":1030,"_links":{"self":[{"href":"https:\/\/mersingazetesi.com\/index.php\/wp-json\/wp\/v2\/posts\/103380","targetHints":{"allow":["GET"]}}],"collection":[{"href":"https:\/\/mersingazetesi.com\/index.php\/wp-json\/wp\/v2\/posts"}],"about":[{"href":"https:\/\/mersingazetesi.com\/index.php\/wp-json\/wp\/v2\/types\/post"}],"author":[{"embeddable":true,"href":"https:\/\/mersingazetesi.com\/index.php\/wp-json\/wp\/v2\/users\/13"}],"replies":[{"embeddable":true,"href":"https:\/\/mersingazetesi.com\/index.php\/wp-json\/wp\/v2\/comments?post=103380"}],"version-history":[{"count":0,"href":"https:\/\/mersingazetesi.com\/index.php\/wp-json\/wp\/v2\/posts\/103380\/revisions"}],"wp:featuredmedia":[{"embeddable":true,"href":"https:\/\/mersingazetesi.com\/index.php\/wp-json\/wp\/v2\/media\/103022"}],"wp:attachment":[{"href":"https:\/\/mersingazetesi.com\/index.php\/wp-json\/wp\/v2\/media?parent=103380"}],"wp:term":[{"taxonomy":"category","embeddable":true,"href":"https:\/\/mersingazetesi.com\/index.php\/wp-json\/wp\/v2\/categories?post=103380"},{"taxonomy":"post_tag","embeddable":true,"href":"https:\/\/mersingazetesi.com\/index.php\/wp-json\/wp\/v2\/tags?post=103380"}],"curies":[{"name":"wp","href":"https:\/\/api.w.org\/{rel}","templated":true}]}}