{"id":103165,"date":"2025-07-22T11:46:41","date_gmt":"2025-07-22T08:46:41","guid":{"rendered":"https:\/\/mersingazetesi.com\/?p=103165"},"modified":"2025-07-22T16:17:30","modified_gmt":"2025-07-22T13:17:30","slug":"perisanlik-da-pismanlik-da-kader-degildir","status":"publish","type":"post","link":"https:\/\/mersingazetesi.com\/index.php\/2025\/07\/22\/perisanlik-da-pismanlik-da-kader-degildir\/","title":{"rendered":"PER\u0130\u015eANLIK DA P\u0130\u015eMANLIK DA KADER DE\u011e\u0130LD\u0130R!"},"content":{"rendered":"<div>Bu \u00dclke&#8217;de sadece K\u00fcrtler demokrasi ve adalet istemiyor ki!<\/div>\n<div>Toplumun tamam\u0131 demokrasi ve adalet istiyor. Toplumun tamam\u0131 huzur, g\u00fcven ve refah i\u00e7inde ya\u015famak istiyor.<\/div>\n<div>Demokrasi de adalet de refah i\u00e7inde ya\u015famak da bu \u00dclke insan\u0131n\u0131n hakk\u0131d\u0131r.<\/div>\n<div>Hem de anas\u0131n\u0131n ak s\u00fct\u00fc gibi hakk\u0131d\u0131r.<\/div>\n<div>\u0130nsanca ve \u00f6zg\u00fcrce ya\u015famak zaten hakk\u0131d\u0131r. \u00dclke&#8217;yi y\u00f6netme mevki ve sorumlulu\u011funda olanlar, bu hususlar\u0131n tamam\u0131n\u0131 yerine getirmekle y\u00fck\u00fcml\u00fcd\u00fcrler. \u00c7\u00fcnk\u00fc vatanda\u015ftan bunun i\u00e7in oy istiyorlar.<\/div>\n<div>Yasaklar\u0131, yolsuzlu\u011fu ve yoksullu\u011fu yok edip, insanca, hak\u00e7a bir d\u00fczen bir d\u00fczen kuraca\u011f\u0131z diye oy istiyorlar.<\/div>\n<div>Liyakatle ve adaletle y\u00f6netece\u011fiz diye oy istiyorlar.<\/div>\n<div>Gelin g\u00f6r\u00fcn ki, se\u00e7ildikten sonra vaat ettiklerinin hemen hepsini unutuyorlar. Unuttuklar\u0131 yetmezmi\u015f gibi, aksi y\u00f6ndeki i\u015f ve i\u015flemleriyle vatanda\u015f\u0131 can\u0131ndan bezdirip, anas\u0131ndan do\u011fdu\u011funa bin pi\u015fman ediyorlar.<\/div>\n<div>Bunlar\u0131 yaparken de zerre kadar utan\u0131p s\u0131k\u0131lm\u0131yorlar. \u00dclkemiz insan\u0131n\u0131n b\u00fct\u00fcn bunlar\u0131 g\u00f6rmesi ve oyunu kullan\u0131rken k\u0131l\u0131 k\u0131rk yarmas\u0131 laz\u0131m.<\/div>\n<div>Allah ile aldatanlar\u0131 da defterinden silip atmas\u0131 laz\u0131m.<\/div>\n<div>Bir y\u00f6netici derdinizden ziyade dininizle ilgileniyorsa, bilin ki sizi aldat\u0131yor demektir.<\/div>\n<div>Bir toplumun, Allah ile adatanlar\u0131n a\u011f\u0131na ya da tuza\u011f\u0131na d\u00fc\u015fmemesi i\u00e7in dinini ve inanc\u0131n\u0131 do\u011fru ve g\u00fcvenilir kaynaklardan \u00f6\u011frenmesi \u015fart!<\/div>\n<div>Bunun da yolu arac\u0131y\u0131 ortadan kald\u0131rmaktan ge\u00e7er. Okumaktan ge\u00e7er yani. Do\u011fru ve g\u00fcvenilir kaynaklar\u0131 bulup, i\u015fin asl\u0131n\u0131 \u00f6\u011frenmekten ge\u00e7er.<\/div>\n<div>T\u00fcrk Toplumu (maalesef!) okuma engelli bir toplum oldu\u011fu i\u00e7in s\u00fcrekli aldat\u0131l\u0131yor.<\/div>\n<div>Haliyle en b\u00fcy\u00fck k\u00e2r\u0131 da aldat\u0131lm\u0131\u015fl\u0131k ve bunun yol a\u00e7t\u0131\u011f\u0131 peri\u015fanl\u0131k ve pi\u015fmanl\u0131k oluyor!<\/div>\n<div>Peri\u015fanl\u0131klar\u0131n ve pi\u015fmanl\u0131klar\u0131n ya\u015fanmad\u0131\u011f\u0131 bir T\u00fcrkiye \u00f6zlem ve dile\u011fimle esen kal\u0131n!<\/div>\n","protected":false},"excerpt":{"rendered":"<p>Bu \u00dclke&#8217;de sadece K\u00fcrtler demokrasi ve adalet istemiyor ki! Toplumun tamam\u0131 demokrasi ve adalet istiyor. Toplumun tamam\u0131 huzur, g\u00fcven ve refah i\u00e7inde ya\u015famak istiyor. Demokrasi de adalet de refah i\u00e7inde ya\u015famak da bu \u00dclke insan\u0131n\u0131n hakk\u0131d\u0131r. Hem de anas\u0131n\u0131n ak s\u00fct\u00fc gibi hakk\u0131d\u0131r. \u0130nsanca ve \u00f6zg\u00fcrce ya\u015famak zaten hakk\u0131d\u0131r. \u00dclke&#8217;yi y\u00f6netme mevki ve sorumlulu\u011funda olanlar, [&hellip;]<\/p>\n","protected":false},"author":14,"featured_media":102332,"comment_status":"open","ping_status":"open","sticky":false,"template":"","format":"standard","meta":{"footnotes":""},"categories":[47],"tags":[],"class_list":["post-103165","post","type-post","status-publish","format-standard","has-post-thumbnail","hentry","category-erdogan-serin"],"views":483,"_links":{"self":[{"href":"https:\/\/mersingazetesi.com\/index.php\/wp-json\/wp\/v2\/posts\/103165","targetHints":{"allow":["GET"]}}],"collection":[{"href":"https:\/\/mersingazetesi.com\/index.php\/wp-json\/wp\/v2\/posts"}],"about":[{"href":"https:\/\/mersingazetesi.com\/index.php\/wp-json\/wp\/v2\/types\/post"}],"author":[{"embeddable":true,"href":"https:\/\/mersingazetesi.com\/index.php\/wp-json\/wp\/v2\/users\/14"}],"replies":[{"embeddable":true,"href":"https:\/\/mersingazetesi.com\/index.php\/wp-json\/wp\/v2\/comments?post=103165"}],"version-history":[{"count":0,"href":"https:\/\/mersingazetesi.com\/index.php\/wp-json\/wp\/v2\/posts\/103165\/revisions"}],"wp:featuredmedia":[{"embeddable":true,"href":"https:\/\/mersingazetesi.com\/index.php\/wp-json\/wp\/v2\/media\/102332"}],"wp:attachment":[{"href":"https:\/\/mersingazetesi.com\/index.php\/wp-json\/wp\/v2\/media?parent=103165"}],"wp:term":[{"taxonomy":"category","embeddable":true,"href":"https:\/\/mersingazetesi.com\/index.php\/wp-json\/wp\/v2\/categories?post=103165"},{"taxonomy":"post_tag","embeddable":true,"href":"https:\/\/mersingazetesi.com\/index.php\/wp-json\/wp\/v2\/tags?post=103165"}],"curies":[{"name":"wp","href":"https:\/\/api.w.org\/{rel}","templated":true}]}}