{"id":103059,"date":"2025-07-21T11:18:50","date_gmt":"2025-07-21T08:18:50","guid":{"rendered":"https:\/\/mersingazetesi.com\/?p=103059"},"modified":"2025-07-21T13:19:36","modified_gmt":"2025-07-21T10:19:36","slug":"egitimin-bas-sorunu-bakan-yusuf-tekindir","status":"publish","type":"post","link":"https:\/\/mersingazetesi.com\/index.php\/2025\/07\/21\/egitimin-bas-sorunu-bakan-yusuf-tekindir\/","title":{"rendered":"E\u011e\u0130T\u0130M\u0130N BA\u015e SORUNU BAKAN YUSUF TEK\u0130N&#8217;D\u0130R!"},"content":{"rendered":"<div>LGS s\u0131nav\u0131nda \u015faibe oldu\u011funa dair iddialar\u0131n ortal\u0131kta dola\u015f\u0131yor olmas\u0131ndan daha do\u011fal bir \u015fey olamaz. \u00c7\u00fcnk\u00fc bu y\u0131lki sorular\u0131n ge\u00e7mi\u015f y\u0131llardaki sorulara g\u00f6re \u00e7ok daha zor oldu\u011fu belirtiliyor. Hal b\u00f6yle iken, tam puan alan \u00f6\u011frenci say\u0131s\u0131n\u0131n ge\u00e7en y\u0131ldakinin neredeyse iki kat\u0131 kadar oldu\u011fu s\u00f6yleniyor. Ayr\u0131ca, bu kadar \u0130mam Hatiplinin tam puan almas\u0131 da ger\u00e7ek\u00e7i ve inand\u0131r\u0131c\u0131 bulunmuyor.<\/div>\n<div>B\u00f6yle bir durumda Milli E\u011fitim Bakan\u0131&#8217;na d\u00fc\u015fen, birka\u00e7 m\u00fcfetti\u015f g\u00f6revlendirip, olay\u0131n soru\u015fturulmas\u0131n\u0131 ve ger\u00e7e\u011fin a\u00e7\u0131\u011fa \u00e7\u0131kar\u0131lmas\u0131n\u0131 sa\u011flamakt\u0131r.<\/div>\n<div>S\u0131navlara ili\u015fkin herhangi bir \u015f\u00fcphe oldu\u011funda, Toplum bunu elbette sorgular. Hele ki bu \u015f\u00fcphe milyonlarca \u00e7ocu\u011fun gelece\u011fini do\u011frudan ilgilendiren bir s\u0131navla ilgiliyse! Bu s\u0131nav\u0131 sorgulayanlara tepki g\u00f6sterip &#8220;Geri zekal\u0131ya anlat\u0131r gibi tane tane anlat\u0131yorum!&#8221; demek bir Milli E\u011fitim Bakan\u0131&#8217;na yak\u0131\u015fmaz.<\/div>\n<div>Topluma \u00f6rnek olmas\u0131 gereken bir insan, b\u00f6yle bir dil ve \u00fcslup kullanamaz.<\/div>\n<div>O nedenledir ki, Yusuf Tekin&#8217;in o makamda bir saniye bile oturmamas\u0131 laz\u0131m. Oturuyorsa, bunu pi\u015fkinli\u011fine vermek laz\u0131m.<\/div>\n<div>Milli E\u011fitim Bakan\u0131 Yusuf Tekin, bu Te\u015fkilat\u0131n ba\u015f\u0131na gelmi\u015f bakanlar i\u00e7inde en \u00e7ok tart\u0131\u015f\u0131lan ki\u015fidir.<\/div>\n<div>Milli E\u011fitimin ba\u015f\u0131ndaki biri bu kadar \u00e7ok tart\u0131\u015f\u0131l\u0131yorsa, bilin ki orada bir mesele var demektir. Asl\u0131nda bu mesele de bellidir. Bakan Yusuf Tekin, milli e\u011fitimin ruhuna ve felsefesine uygun olmayan i\u015flerin pe\u015finde ko\u015fuyor. \u00c7a\u011f\u0131n gereklerine ve toplumun ihtiya\u00e7lar\u0131na uygun bir e\u011fitim sistemini hayata ge\u00e7irmek yerine, e\u011fitimi tarikatlar\u0131n ve cemaatlerin arka bah\u00e7esi haline getirmeyi marifet san\u0131yor.<\/div>\n<div>Bu anlay\u0131\u015ftaki birinin o makamda oturuyor olmas\u0131 \u00dclkemizin ve Milletimizin hayr\u0131na de\u011fildir.<\/div>\n<div>Yusuf Tekin bu makamda oturdu\u011fu s\u00fcrece \u00dclkemiz e\u011fitimi irtifa kaybetmeye mecbur ve mahkumdur.<\/div>\n<div dir=\"ltr\"><\/div>\n<div dir=\"ltr\">\u00d6ZL\u00dc S\u00d6Z\u00dcM<\/div>\n<div>\n&#8211; &#8220;Soru sorma ve hayal kurma becerisi kazand\u0131rmayan ve merak uyand\u0131r\u0131p \u00fcmit ve heyecan yaratmayan bir e\u011fitim sistemi \u00e7a\u011f\u0131n gereklerine ve toplumun ihtiya\u00e7lar\u0131na uygun de\u011fildir.&#8221;<\/div>\n","protected":false},"excerpt":{"rendered":"<p>LGS s\u0131nav\u0131nda \u015faibe oldu\u011funa dair iddialar\u0131n ortal\u0131kta dola\u015f\u0131yor olmas\u0131ndan daha do\u011fal bir \u015fey olamaz. \u00c7\u00fcnk\u00fc bu y\u0131lki sorular\u0131n ge\u00e7mi\u015f y\u0131llardaki sorulara g\u00f6re \u00e7ok daha zor oldu\u011fu belirtiliyor. Hal b\u00f6yle iken, tam puan alan \u00f6\u011frenci say\u0131s\u0131n\u0131n ge\u00e7en y\u0131ldakinin neredeyse iki kat\u0131 kadar oldu\u011fu s\u00f6yleniyor. Ayr\u0131ca, bu kadar \u0130mam Hatiplinin tam puan almas\u0131 da ger\u00e7ek\u00e7i ve inand\u0131r\u0131c\u0131 [&hellip;]<\/p>\n","protected":false},"author":14,"featured_media":102332,"comment_status":"open","ping_status":"open","sticky":false,"template":"","format":"standard","meta":{"footnotes":""},"categories":[47],"tags":[],"class_list":["post-103059","post","type-post","status-publish","format-standard","has-post-thumbnail","hentry","category-erdogan-serin"],"views":419,"_links":{"self":[{"href":"https:\/\/mersingazetesi.com\/index.php\/wp-json\/wp\/v2\/posts\/103059","targetHints":{"allow":["GET"]}}],"collection":[{"href":"https:\/\/mersingazetesi.com\/index.php\/wp-json\/wp\/v2\/posts"}],"about":[{"href":"https:\/\/mersingazetesi.com\/index.php\/wp-json\/wp\/v2\/types\/post"}],"author":[{"embeddable":true,"href":"https:\/\/mersingazetesi.com\/index.php\/wp-json\/wp\/v2\/users\/14"}],"replies":[{"embeddable":true,"href":"https:\/\/mersingazetesi.com\/index.php\/wp-json\/wp\/v2\/comments?post=103059"}],"version-history":[{"count":0,"href":"https:\/\/mersingazetesi.com\/index.php\/wp-json\/wp\/v2\/posts\/103059\/revisions"}],"wp:featuredmedia":[{"embeddable":true,"href":"https:\/\/mersingazetesi.com\/index.php\/wp-json\/wp\/v2\/media\/102332"}],"wp:attachment":[{"href":"https:\/\/mersingazetesi.com\/index.php\/wp-json\/wp\/v2\/media?parent=103059"}],"wp:term":[{"taxonomy":"category","embeddable":true,"href":"https:\/\/mersingazetesi.com\/index.php\/wp-json\/wp\/v2\/categories?post=103059"},{"taxonomy":"post_tag","embeddable":true,"href":"https:\/\/mersingazetesi.com\/index.php\/wp-json\/wp\/v2\/tags?post=103059"}],"curies":[{"name":"wp","href":"https:\/\/api.w.org\/{rel}","templated":true}]}}