{"id":102825,"date":"2025-07-17T12:05:40","date_gmt":"2025-07-17T09:05:40","guid":{"rendered":"https:\/\/mersingazetesi.com\/?p=102825"},"modified":"2025-07-17T12:05:40","modified_gmt":"2025-07-17T09:05:40","slug":"yine-binlerce-olu-balik-kazanli-sahilinde","status":"publish","type":"post","link":"https:\/\/mersingazetesi.com\/index.php\/2025\/07\/17\/yine-binlerce-olu-balik-kazanli-sahilinde\/","title":{"rendered":"Y\u0130NE B\u0130NLERCE \u00d6L\u00dc BALIK KAZANLI SAH\u0130L\u0130&#8217;NDE!"},"content":{"rendered":"<div dir=\"ltr\">Kazanl\u0131 Mahallesi&#8217;nde yine bir \u00e7evre felaketi daha ya\u015fan\u0131yor. Mersin&#8217;deki Soda-Kromsan Fabrikas\u0131 yak\u0131n\u0131ndaki Kazanl\u0131 Sahili&#8217;ne vuran \u00e7ok say\u0131daki \u00f6l\u00fc bal\u0131klar vatanda\u015f\u0131 \u00f6nceden de tedirgin etmi\u015fti. \u015eimdi yine binlerce \u00f6l\u00fc bal\u0131k sahile vurdu!<\/div>\n<div dir=\"ltr\"><\/div>\n<div dir=\"ltr\"><\/div>\n<div>&#8220;NUMUNELER\u0130N SONU\u00c7LARI NE OLDU?!&#8221;<\/div>\n<div dir=\"ltr\"><\/div>\n<div>Kazanl\u0131&#8217;da ya\u015fayan ve \u015fikayetlerini dile getiren vatanda\u015f, &#8220;Binlerce \u00f6l\u00fc bal\u0131kla kar\u015f\u0131 kar\u015f\u0131yay\u0131z. Biz bunun sebebini merak ediyoruz. Bun sebep olanlar hi\u00e7 mi vicdan azab\u0131 \u00e7ekmiyor? 40-45 g\u00fcn \u00f6nce bu bal\u0131klar\u0131n yavru hali yine k\u0131y\u0131ya vurmu\u015ftu. Onlar\u0131 foto\u011fraflay\u0131p, Sahil G\u00fcvenli\u011fe, B\u00fcy\u00fck\u015fehir Belediyesi&#8217;ne ilgili her kuruma g\u00f6nderdik. Gelip numuneler al\u0131nd\u0131. Numuneler tahlile gitti. O tahlil sonu\u00e7lar\u0131 ne oldu biz hen\u00fcz bilmiyoruz?!\u201d dedi.<\/div>\n<div dir=\"ltr\"><\/div>\n<div>&#8220;BU KAZANLI&#8217;NIN MAKUS TAL\u0130H\u0130 OLAMAZ!&#8221;<\/div>\n<div dir=\"ltr\"><\/div>\n<div>Vatanda\u015f s\u00f6zlerini \u015f\u00f6yle tamamlad\u0131;<\/div>\n<div>&#8220;Sonu\u00e7lar\u0131n ne oldu\u011funu bilmiyoruz. Baz\u0131 vekillerimiz mecliste bu durumu payla\u015ft\u0131lar. Onlar da bu durumu yerinde incelediler. Bal\u0131k \u00f6l\u00fcmleri olunca biz de yeniden geldik. Yetkililerden\u00a0\u00e7ok rica ediyoruz. Bir an \u00f6nce bu duruma \u00e7\u00f6z\u00fcm bulsunlar. Bu Kazanl\u0131&#8217;n\u0131n makus talihi olamaz! Denizimize girilmiyor! Sar\u0131ms\u0131, ye\u015filimsi renk alm\u0131\u015f vaziyette! L\u00fctfen sesimizi duyun!&#8221;<\/div>\n","protected":false},"excerpt":{"rendered":"<p>Kazanl\u0131 Mahallesi&#8217;nde yine bir \u00e7evre felaketi daha ya\u015fan\u0131yor. Mersin&#8217;deki Soda-Kromsan Fabrikas\u0131 yak\u0131n\u0131ndaki Kazanl\u0131 Sahili&#8217;ne vuran \u00e7ok say\u0131daki \u00f6l\u00fc bal\u0131klar vatanda\u015f\u0131 \u00f6nceden de tedirgin etmi\u015fti. \u015eimdi yine binlerce \u00f6l\u00fc bal\u0131k sahile vurdu! &#8220;NUMUNELER\u0130N SONU\u00c7LARI NE OLDU?!&#8221; Kazanl\u0131&#8217;da ya\u015fayan ve \u015fikayetlerini dile getiren vatanda\u015f, &#8220;Binlerce \u00f6l\u00fc bal\u0131kla kar\u015f\u0131 kar\u015f\u0131yay\u0131z. Biz bunun sebebini merak ediyoruz. Bun sebep olanlar [&hellip;]<\/p>\n","protected":false},"author":2,"featured_media":102826,"comment_status":"open","ping_status":"open","sticky":false,"template":"","format":"standard","meta":{"footnotes":""},"categories":[8,5],"tags":[],"class_list":["post-102825","post","type-post","status-publish","format-standard","has-post-thumbnail","hentry","category-mersin","category-saglik"],"views":1072,"_links":{"self":[{"href":"https:\/\/mersingazetesi.com\/index.php\/wp-json\/wp\/v2\/posts\/102825","targetHints":{"allow":["GET"]}}],"collection":[{"href":"https:\/\/mersingazetesi.com\/index.php\/wp-json\/wp\/v2\/posts"}],"about":[{"href":"https:\/\/mersingazetesi.com\/index.php\/wp-json\/wp\/v2\/types\/post"}],"author":[{"embeddable":true,"href":"https:\/\/mersingazetesi.com\/index.php\/wp-json\/wp\/v2\/users\/2"}],"replies":[{"embeddable":true,"href":"https:\/\/mersingazetesi.com\/index.php\/wp-json\/wp\/v2\/comments?post=102825"}],"version-history":[{"count":0,"href":"https:\/\/mersingazetesi.com\/index.php\/wp-json\/wp\/v2\/posts\/102825\/revisions"}],"wp:featuredmedia":[{"embeddable":true,"href":"https:\/\/mersingazetesi.com\/index.php\/wp-json\/wp\/v2\/media\/102826"}],"wp:attachment":[{"href":"https:\/\/mersingazetesi.com\/index.php\/wp-json\/wp\/v2\/media?parent=102825"}],"wp:term":[{"taxonomy":"category","embeddable":true,"href":"https:\/\/mersingazetesi.com\/index.php\/wp-json\/wp\/v2\/categories?post=102825"},{"taxonomy":"post_tag","embeddable":true,"href":"https:\/\/mersingazetesi.com\/index.php\/wp-json\/wp\/v2\/tags?post=102825"}],"curies":[{"name":"wp","href":"https:\/\/api.w.org\/{rel}","templated":true}]}}