{"id":102814,"date":"2025-07-17T11:27:07","date_gmt":"2025-07-17T08:27:07","guid":{"rendered":"https:\/\/mersingazetesi.com\/?p=102814"},"modified":"2025-07-17T14:14:02","modified_gmt":"2025-07-17T11:14:02","slug":"her-birinin-ayri-bir-hesabi-var","status":"publish","type":"post","link":"https:\/\/mersingazetesi.com\/index.php\/2025\/07\/17\/her-birinin-ayri-bir-hesabi-var\/","title":{"rendered":"HER B\u0130R\u0130N\u0130N AYRI B\u0130R HESABI VAR!"},"content":{"rendered":"<div>Sorun ayn\u0131 amma hesaplar ba\u015fka.<\/div>\n<div>MHP Lideri say\u0131n Devlet Bah\u00e7eli, k\u0131rk bin insan\u0131m\u0131z\u0131n katlinden sorumlu malum \u00f6rg\u00fct\u00fc bitiren adam olarak tarihe ge\u00e7mek istiyor. Bu hedefe ula\u015fabilmek i\u00e7in de \u0130mral\u0131&#8217;daki Bebek Katili&#8217;ne (\u00d6rg\u00fct Eleba\u015f\u0131&#8217;na) kurucu \u00f6nder demeyi dahi g\u00f6ze alabiliyor.<\/div>\n<div>DEM Parti, demokratikle\u015fme ad\u0131 alt\u0131nda, b\u00f6l\u00fcc\u00fc \u00f6rg\u00fct\u00fc me\u015frula\u015ft\u0131rmaya ve ulus devleti zay\u0131flatmaya d\u00f6n\u00fck baz\u0131 kazan\u0131mlar elde etmenin pe\u015finde ko\u015fuyor.<\/div>\n<div>AK Parti Lideri ve Cumhurba\u015fkan\u0131 say\u0131n Recep Tayyip Erdo\u011fan, bu sorunu bitirme noktas\u0131ndaki ba\u015f akt\u00f6r olman\u0131n verdi\u011fi avantaj\u0131 da kullanarak, yeni bir anayasa yapmak suretiyle bu sorun \u00fczerinden kendi iktidar\u0131n\u0131 s\u00fcrd\u00fcrmenin ve peki\u015ftirmenin hesaplar\u0131n\u0131 yap\u0131yor.<\/div>\n<div>\u0130Y\u0130 Parti Lideri say\u0131n Musavvat Dervi\u015fo\u011flu, bar\u0131\u015f\u0131n ancak iki e\u015fit g\u00fc\u00e7 aras\u0131nda yap\u0131labilece\u011finden hareketle \u0130mral\u0131&#8217;daki Bebek Katili&#8217;nin muhatap al\u0131nmas\u0131na \u015fiddetle kar\u015f\u0131 \u00e7\u0131k\u0131yor ve bu kar\u015f\u0131tl\u0131k \u00fczerinden b\u00fct\u00fcn milliyet\u00e7i oylar\u0131 kendi Partisi&#8217;nde toplamak istiyor.<\/div>\n<div>Gelecek Partisi Lideri say\u0131n Ahmet Davuto\u011flu, aray\u0131p da bulamad\u0131\u011f\u0131 gelece\u011fini, cesurca \u00e7\u0131k\u0131\u015flar yaparak bu sorun \u00fczerinden bulmay\u0131 \u00fcmit ediyor.<\/div>\n<div>Deva Partisi Lideri say\u0131n Ali Babacan, K\u00fcrt se\u00e7mene s\u0131cak mesajlar vererek ve bu yolla onlar\u0131n g\u00f6nl\u00fcn\u00fc kazanarak, oylar\u0131n\u0131 alman\u0131n hesab\u0131n\u0131 yap\u0131yor.<\/div>\n<div>Zafer Partisi Lideri say\u0131n \u00dcmit \u00d6zda\u011f, ter\u00f6r \u00f6rg\u00fct\u00fcyle pazarl\u0131k yap\u0131lmaz diyerek milliyet\u00e7ilik r\u00fczgar\u0131n\u0131 arkas\u0131na almak istiyor.<\/div>\n<div>Refah Partisi Lideri say\u0131n Fatih Erbakan, hem nal\u0131na hem m\u0131h\u0131na vurarak her iki taraftan da oy dev\u015firmenin yoluna bak\u0131yor.<\/div>\n<div>Ana Muhalefet Partisi Lideri say\u0131n \u00d6zg\u00fcr \u00d6zel, \u00e7\u00f6z\u00fcm\u00fcn insan hak ve \u00f6zg\u00fcrl\u00fcklerinden, demokrasiden ve hukuktan ge\u00e7ti\u011fini ifade etmekle birlikte DEM&#8217;in ulus devleti zay\u0131flatmaya d\u00f6n\u00fck olas\u0131 taleplerinden \u00e7ekindi\u011fi i\u00e7in yuvarlak laflar etmeyi tercih ediyor. \u00c7\u00fcnk\u00fc hem T\u00fcrk se\u00e7meni k\u00fcst\u00fcrmemenin, hem de K\u00fcrt se\u00e7menden daha fazla oy alman\u0131n hesaplar\u0131n\u0131 yap\u0131yor.<\/div>\n<div>Herkes farkl\u0131 hesaplar pe\u015finde ko\u015ftu\u011fundan ve kendi ikbalinin derdine d\u00fc\u015ft\u00fc\u011f\u00fcnden, sorunun \u00e7\u00f6z\u00fcm\u00fcne dair fikir birli\u011fi olu\u015fmuyor. Oysa ki, bu sorunun \u00e7\u00f6z\u00fcm\u00fcn\u00fcn anahtar\u0131 bellidir. Ulus devletin varl\u0131\u011f\u0131na ve kimli\u011fine zarar vermeden, T\u00fcrkiye&#8217;yi insan hak ve \u00f6zg\u00fcrl\u00fckleri temelinde tepeden t\u0131rna\u011fa demokratikle\u015ftirmek ve evrensel norm ve standartlara sahip ger\u00e7ek bir hukuk devletine d\u00f6n\u00fc\u015ft\u00fcrmek. Bunun i\u00e7in yeni bir anayasaya de\u011fil, k\u00f6kl\u00fc bir zihniyet de\u011fi\u015fimine ihtiya\u00e7 var!<\/div>\n","protected":false},"excerpt":{"rendered":"<p>Sorun ayn\u0131 amma hesaplar ba\u015fka. MHP Lideri say\u0131n Devlet Bah\u00e7eli, k\u0131rk bin insan\u0131m\u0131z\u0131n katlinden sorumlu malum \u00f6rg\u00fct\u00fc bitiren adam olarak tarihe ge\u00e7mek istiyor. Bu hedefe ula\u015fabilmek i\u00e7in de \u0130mral\u0131&#8217;daki Bebek Katili&#8217;ne (\u00d6rg\u00fct Eleba\u015f\u0131&#8217;na) kurucu \u00f6nder demeyi dahi g\u00f6ze alabiliyor. DEM Parti, demokratikle\u015fme ad\u0131 alt\u0131nda, b\u00f6l\u00fcc\u00fc \u00f6rg\u00fct\u00fc me\u015frula\u015ft\u0131rmaya ve ulus devleti zay\u0131flatmaya d\u00f6n\u00fck baz\u0131 kazan\u0131mlar elde [&hellip;]<\/p>\n","protected":false},"author":14,"featured_media":102332,"comment_status":"open","ping_status":"open","sticky":false,"template":"","format":"standard","meta":{"footnotes":""},"categories":[47],"tags":[],"class_list":["post-102814","post","type-post","status-publish","format-standard","has-post-thumbnail","hentry","category-erdogan-serin"],"views":496,"_links":{"self":[{"href":"https:\/\/mersingazetesi.com\/index.php\/wp-json\/wp\/v2\/posts\/102814","targetHints":{"allow":["GET"]}}],"collection":[{"href":"https:\/\/mersingazetesi.com\/index.php\/wp-json\/wp\/v2\/posts"}],"about":[{"href":"https:\/\/mersingazetesi.com\/index.php\/wp-json\/wp\/v2\/types\/post"}],"author":[{"embeddable":true,"href":"https:\/\/mersingazetesi.com\/index.php\/wp-json\/wp\/v2\/users\/14"}],"replies":[{"embeddable":true,"href":"https:\/\/mersingazetesi.com\/index.php\/wp-json\/wp\/v2\/comments?post=102814"}],"version-history":[{"count":0,"href":"https:\/\/mersingazetesi.com\/index.php\/wp-json\/wp\/v2\/posts\/102814\/revisions"}],"wp:featuredmedia":[{"embeddable":true,"href":"https:\/\/mersingazetesi.com\/index.php\/wp-json\/wp\/v2\/media\/102332"}],"wp:attachment":[{"href":"https:\/\/mersingazetesi.com\/index.php\/wp-json\/wp\/v2\/media?parent=102814"}],"wp:term":[{"taxonomy":"category","embeddable":true,"href":"https:\/\/mersingazetesi.com\/index.php\/wp-json\/wp\/v2\/categories?post=102814"},{"taxonomy":"post_tag","embeddable":true,"href":"https:\/\/mersingazetesi.com\/index.php\/wp-json\/wp\/v2\/tags?post=102814"}],"curies":[{"name":"wp","href":"https:\/\/api.w.org\/{rel}","templated":true}]}}