{"id":102672,"date":"2025-07-15T16:53:08","date_gmt":"2025-07-15T13:53:08","guid":{"rendered":"https:\/\/mersingazetesi.com\/?p=102672"},"modified":"2025-07-15T16:53:08","modified_gmt":"2025-07-15T13:53:08","slug":"susuzluk-ve-kuraklik-kapida-amma-kimsenin-umurunda-degil","status":"publish","type":"post","link":"https:\/\/mersingazetesi.com\/index.php\/2025\/07\/15\/susuzluk-ve-kuraklik-kapida-amma-kimsenin-umurunda-degil\/","title":{"rendered":"SUSUZLUK VE KURAKLIK KAPIDA AMMA K\u0130MSEN\u0130N UMURUNDA DE\u011e\u0130L!"},"content":{"rendered":"<div>Bu \u00dclke&#8217;nin yak\u0131n gelece\u011findeki en b\u00fcy\u00fck tehlike susuzluk ve kurakl\u0131kt\u0131r.<\/div>\n<div>Hal b\u00f6yle iken, bu sorunun \u00e7\u00f6z\u00fcm\u00fcne dair hi\u00e7bir \u00e7aba ve gayret yok.<\/div>\n<div>Y\u00f6netme mevki ve sorumlulu\u011funda olanlarda da yok, y\u00f6netmeye talip olanlarda ve y\u00f6netilenlerde de yok.<\/div>\n<div>Susuzluk ve kurakl\u0131kla bo\u011fu\u015farak m\u0131 T\u00fcrkiye Y\u00fczy\u0131l\u0131na girecek \u00dclkemiz?<\/div>\n<div>Hi\u00e7 kimse kusura bakmas\u0131n!<\/div>\n<div>Biz bu anlay\u0131\u015fla hareket edersek, on, on be\u015f y\u0131l sonra de\u011fil sulama ve temizlik suyu, i\u00e7me suyu bulmakta dahi zorluk \u00e7ekeriz.<\/div>\n<div>\u00c7\u00fcnk\u00fc \u00dclkemiz h\u0131zla kurakla\u015f\u0131yor ve yer alt\u0131 sular\u0131 \u00e7ok a\u015fa\u011f\u0131lara \u00e7ekiliyor. Bu ger\u00e7e\u011fi g\u00f6rmemek i\u00e7in k\u00f6r olmak laz\u0131m.<\/div>\n<div>Peki, bu sorunun \u00e7\u00f6z\u00fcm\u00fc yok mu?<\/div>\n<div>Var elbet!<\/div>\n<div>Anadolu&#8217;nun ortas\u0131, Karaman&#8217;dan K\u0131z\u0131lcahamam&#8217;a, K\u00fctahya&#8217;dan Tunceli&#8217;ye kadar tamamen bozk\u0131rlarla kapl\u0131.<\/div>\n<div>B\u00fcy\u00fck bir a\u011fa\u00e7land\u0131rma seferberli\u011fi ba\u015flat\u0131p, bozk\u0131rlarla kapl\u0131 olan bu B\u00f6lge&#8217;yi s\u00fcratle (\u00fc\u00e7, be\u015f y\u0131l i\u00e7inde) a\u011fa\u00e7land\u0131rmam\u0131z laz\u0131m.<\/div>\n<div>A\u011fa\u00e7land\u0131r\u0131rken de b\u00f6lge \u015fartlar\u0131na uygun olan a\u011fa\u00e7 t\u00fcrlerine \u00f6ncelik vermemiz laz\u0131m.<\/div>\n<div>Ayr\u0131ca, bu b\u00f6lgede sulu tar\u0131m yapma ve b\u00fcy\u00fckba\u015f hayvan yeti\u015ftirme \u0131srar\u0131ndan vazge\u00e7ip, k\u00fc\u00e7\u00fckba\u015f hayvan yeti\u015ftirmemiz laz\u0131m.<\/div>\n<div>Bir b\u00fcy\u00fckba\u015f hayvan g\u00fcnde 50-60 litre su i\u00e7er. (Bu miktar, s\u00fct ineklerinde \u00e7ok daha y\u00fcksektir.)<\/div>\n<div>Bir b\u00fcy\u00fckba\u015f hayvan g\u00fcnde 50-60 litre su i\u00e7iyormu\u015f, bu ne ya.<\/div>\n<div>Sadece su i\u00e7mekle kalmaz, suyu gerektiren m\u0131s\u0131r, yonca, \u015feker pancar\u0131 vb. gibi yemlik bitkiler de ister.<\/div>\n<div>Susuz bir b\u00f6lgede sulu tar\u0131m yapmak ve g\u00fcnde 50-60 litre su t\u00fcketen b\u00fcy\u00fckba\u015f hayvan yeti\u015ftirmek akla ziyand\u0131r.<\/div>\n<div>Bizim, bu b\u00f6lgede sulu tar\u0131mdan vazge\u00e7memiz ve b\u00f6lgenin do\u011fas\u0131na uygun olan koyun ve ke\u00e7i yeti\u015ftirmemiz laz\u0131m.<\/div>\n<div>B\u00fct\u00fcn bu tedbirlere ilave olarak, Hakkari B\u00f6lgesi&#8217;nde de b\u00fcy\u00fck barajlar yapmam\u0131z laz\u0131m.<\/div>\n<div>Hakkari, engebeli arazi yap\u0131s\u0131 nedeniyle su tutma (su depolama) kapasitesi en y\u00fcksek olan ilimizdir.<\/div>\n<div>En fazla kar ya\u011f\u0131\u015f\u0131 alan illerimizin de ba\u015f\u0131nda gelmektedir.<\/div>\n<div>Bu B\u00f6lge&#8217;de depolayaca\u011f\u0131m\u0131z sular\u0131, t\u0131pk\u0131 petrol nakleder gibi borularla bat\u0131daki illere ta\u015f\u0131yacak projeleri h\u0131zla hayata ge\u00e7irmemiz laz\u0131m. Aksi halde, susuzluk da kurakl\u0131k da \u00dclkemizin kaderi olur.<\/div>\n<div>G\u00fczel \u00dclkemizi bu duruma d\u00fc\u015f\u00fcrmeye hi\u00e7 kimsenin hakk\u0131 yoktur.<\/div>\n<div>G\u00f6rev ve sorumlulu\u011funu yerine getirmeyen \u0130ktidar\u0131n da hakk\u0131 yoktur, meseleye seyirci kalan muhalefetin de&#8230;<\/div>\n<div>Da\u011flar\u0131n\u0131n korunmu\u015f ormanlarla kapl\u0131 oldu\u011fu ve su kaynaklar\u0131n\u0131n verimli ve bilin\u00e7li kullan\u0131ld\u0131\u011f\u0131 yemye\u015fil bir \u00fclkede varl\u0131k ve bolluk i\u00e7inde ya\u015famam\u0131z umut ve dile\u011fimle esen kal\u0131n!<\/div>\n","protected":false},"excerpt":{"rendered":"<p>Bu \u00dclke&#8217;nin yak\u0131n gelece\u011findeki en b\u00fcy\u00fck tehlike susuzluk ve kurakl\u0131kt\u0131r. Hal b\u00f6yle iken, bu sorunun \u00e7\u00f6z\u00fcm\u00fcne dair hi\u00e7bir \u00e7aba ve gayret yok. Y\u00f6netme mevki ve sorumlulu\u011funda olanlarda da yok, y\u00f6netmeye talip olanlarda ve y\u00f6netilenlerde de yok. Susuzluk ve kurakl\u0131kla bo\u011fu\u015farak m\u0131 T\u00fcrkiye Y\u00fczy\u0131l\u0131na girecek \u00dclkemiz? Hi\u00e7 kimse kusura bakmas\u0131n! Biz bu anlay\u0131\u015fla hareket edersek, on, [&hellip;]<\/p>\n","protected":false},"author":14,"featured_media":102332,"comment_status":"open","ping_status":"open","sticky":false,"template":"","format":"standard","meta":{"footnotes":""},"categories":[47],"tags":[],"class_list":["post-102672","post","type-post","status-publish","format-standard","has-post-thumbnail","hentry","category-erdogan-serin"],"views":527,"_links":{"self":[{"href":"https:\/\/mersingazetesi.com\/index.php\/wp-json\/wp\/v2\/posts\/102672","targetHints":{"allow":["GET"]}}],"collection":[{"href":"https:\/\/mersingazetesi.com\/index.php\/wp-json\/wp\/v2\/posts"}],"about":[{"href":"https:\/\/mersingazetesi.com\/index.php\/wp-json\/wp\/v2\/types\/post"}],"author":[{"embeddable":true,"href":"https:\/\/mersingazetesi.com\/index.php\/wp-json\/wp\/v2\/users\/14"}],"replies":[{"embeddable":true,"href":"https:\/\/mersingazetesi.com\/index.php\/wp-json\/wp\/v2\/comments?post=102672"}],"version-history":[{"count":0,"href":"https:\/\/mersingazetesi.com\/index.php\/wp-json\/wp\/v2\/posts\/102672\/revisions"}],"wp:featuredmedia":[{"embeddable":true,"href":"https:\/\/mersingazetesi.com\/index.php\/wp-json\/wp\/v2\/media\/102332"}],"wp:attachment":[{"href":"https:\/\/mersingazetesi.com\/index.php\/wp-json\/wp\/v2\/media?parent=102672"}],"wp:term":[{"taxonomy":"category","embeddable":true,"href":"https:\/\/mersingazetesi.com\/index.php\/wp-json\/wp\/v2\/categories?post=102672"},{"taxonomy":"post_tag","embeddable":true,"href":"https:\/\/mersingazetesi.com\/index.php\/wp-json\/wp\/v2\/tags?post=102672"}],"curies":[{"name":"wp","href":"https:\/\/api.w.org\/{rel}","templated":true}]}}