{"id":102265,"date":"2025-07-09T16:34:32","date_gmt":"2025-07-09T13:34:32","guid":{"rendered":"https:\/\/mersingazetesi.com\/?p=102265"},"modified":"2025-07-09T16:34:59","modified_gmt":"2025-07-09T13:34:59","slug":"yeni-miyin-2025-2026-sezonu-fiksturu-belli-oldu","status":"publish","type":"post","link":"https:\/\/mersingazetesi.com\/index.php\/2025\/07\/09\/yeni-miyin-2025-2026-sezonu-fiksturu-belli-oldu\/","title":{"rendered":"Yeni M\u0130Y\u2019in 2025-2026 sezonu fikst\u00fcr\u00fc belli oldu"},"content":{"rendered":"<p>SERDAR ERKAN<br \/>\nTFF 2. Lig K\u0131rm\u0131z\u0131 Grup&#8217;ta m\u00fccadele edecek Yeni Mersin \u0130dman Yurdu, sezonun ilk haftas\u0131nda i\u00e7 sahada Menemen FK ile kar\u015f\u0131la\u015facak.<\/p>\n<p>TFF 2. Lig K\u0131rm\u0131z\u0131 Grup&#8217;ta yer alan Yeni Mersin \u0130dman Yurdu\u2019nun 2025-2026 sezonu fikst\u00fcr\u00fc belli oldu. T\u00fcrkiye Futbol Federasyonu&#8217;nun Ankara&#8217;da ger\u00e7ekle\u015ftirdi\u011fi ola\u011fan mali genel kurul toplant\u0131s\u0131n\u0131n ard\u0131ndan fikst\u00fcr \u00e7ekimi yap\u0131ld\u0131. Yeni sezonun ilk haftas\u0131nda i\u00e7 sahada Menemen FK ile kar\u015f\u0131la\u015facak olan Yeni M\u0130Y, ligin son haftas\u0131nda ise K\u0131rklarelispor\u2019a konuk olacak.<\/p>\n<p>3. hafta rakip, favori Bursaspor<\/p>\n<p>TFF 2. Lig K\u0131rm\u0131z\u0131 Grup&#8217;ta m\u00fccadele edecek Bursaspor, sezonun ilk haftas\u0131nda deplasmanda Yeni Malatyaspor ile kar\u015f\u0131la\u015facak.<\/p>\n<p>TFF 2. Lig K\u0131rm\u0131z\u0131 Grup&#8217;ta yer alan Bursaspor&#8217;un da 2025-2026 sezonu fikst\u00fcr\u00fc belli oldu. T\u00fcrkiye Futbol Federasyonu&#8217;nun Ankara&#8217;da ger\u00e7ekle\u015ftirdi\u011fi ola\u011fan mali genel kurul toplant\u0131s\u0131n\u0131n ard\u0131ndan fikst\u00fcr \u00e7ekimi yap\u0131ld\u0131. Yeni sezonun ilk haftas\u0131nda deplasmanda Yeni Malatyaspor ile kar\u015f\u0131la\u015facak olan ye\u015fil-beyazl\u0131lar, ligin 3. haftas\u0131nda ise Yeni Mersin \u0130dman Yurdu\u2019nu konuk edecek.<\/p>\n","protected":false},"excerpt":{"rendered":"<p>SERDAR ERKAN TFF 2. Lig K\u0131rm\u0131z\u0131 Grup&#8217;ta m\u00fccadele edecek Yeni Mersin \u0130dman Yurdu, sezonun ilk haftas\u0131nda i\u00e7 sahada Menemen FK ile kar\u015f\u0131la\u015facak. TFF 2. Lig K\u0131rm\u0131z\u0131 Grup&#8217;ta yer alan Yeni Mersin \u0130dman Yurdu\u2019nun 2025-2026 sezonu fikst\u00fcr\u00fc belli oldu. T\u00fcrkiye Futbol Federasyonu&#8217;nun Ankara&#8217;da ger\u00e7ekle\u015ftirdi\u011fi ola\u011fan mali genel kurul toplant\u0131s\u0131n\u0131n ard\u0131ndan fikst\u00fcr \u00e7ekimi yap\u0131ld\u0131. Yeni sezonun ilk [&hellip;]<\/p>\n","protected":false},"author":2,"featured_media":102267,"comment_status":"open","ping_status":"open","sticky":false,"template":"","format":"standard","meta":{"footnotes":""},"categories":[6],"tags":[],"class_list":["post-102265","post","type-post","status-publish","format-standard","has-post-thumbnail","hentry","category-spor"],"views":577,"_links":{"self":[{"href":"https:\/\/mersingazetesi.com\/index.php\/wp-json\/wp\/v2\/posts\/102265","targetHints":{"allow":["GET"]}}],"collection":[{"href":"https:\/\/mersingazetesi.com\/index.php\/wp-json\/wp\/v2\/posts"}],"about":[{"href":"https:\/\/mersingazetesi.com\/index.php\/wp-json\/wp\/v2\/types\/post"}],"author":[{"embeddable":true,"href":"https:\/\/mersingazetesi.com\/index.php\/wp-json\/wp\/v2\/users\/2"}],"replies":[{"embeddable":true,"href":"https:\/\/mersingazetesi.com\/index.php\/wp-json\/wp\/v2\/comments?post=102265"}],"version-history":[{"count":0,"href":"https:\/\/mersingazetesi.com\/index.php\/wp-json\/wp\/v2\/posts\/102265\/revisions"}],"wp:featuredmedia":[{"embeddable":true,"href":"https:\/\/mersingazetesi.com\/index.php\/wp-json\/wp\/v2\/media\/102267"}],"wp:attachment":[{"href":"https:\/\/mersingazetesi.com\/index.php\/wp-json\/wp\/v2\/media?parent=102265"}],"wp:term":[{"taxonomy":"category","embeddable":true,"href":"https:\/\/mersingazetesi.com\/index.php\/wp-json\/wp\/v2\/categories?post=102265"},{"taxonomy":"post_tag","embeddable":true,"href":"https:\/\/mersingazetesi.com\/index.php\/wp-json\/wp\/v2\/tags?post=102265"}],"curies":[{"name":"wp","href":"https:\/\/api.w.org\/{rel}","templated":true}]}}