{"id":102190,"date":"2025-07-08T16:03:50","date_gmt":"2025-07-08T13:03:50","guid":{"rendered":"https:\/\/mersingazetesi.com\/?p=102190"},"modified":"2025-07-08T16:03:50","modified_gmt":"2025-07-08T13:03:50","slug":"vali-toros-suc-ve-sucluyla-mucadelemiz-kararlilikla-suruyor","status":"publish","type":"post","link":"https:\/\/mersingazetesi.com\/index.php\/2025\/07\/08\/vali-toros-suc-ve-sucluyla-mucadelemiz-kararlilikla-suruyor\/","title":{"rendered":"Vali Toros: &#8220;Su\u00e7 ve su\u00e7luyla m\u00fccadelemiz kararl\u0131l\u0131kla s\u00fcr\u00fcyor&#8221;"},"content":{"rendered":"<p><strong class=\"searchword\">Mersin<\/strong>\u00a0Valisi Atilla Toros,\u00a0<strong class=\"searchword\">Mersin<\/strong>&#8216;de hi\u00e7bir su\u00e7lunun izini kaybettirmesine m\u00fcsaade etmediklerini ve etmeyeceklerini belirterek, &#8220;Ne karada ne denizde ne dijital d\u00fcnyada su\u00e7a da su\u00e7luya da asla ge\u00e7it yok, her alanda g\u00fcvenlik g\u00fc\u00e7lerimiz \u00e7elikten iradesi ile sahadad\u0131r&#8221; dedi.<br \/>\n<strong class=\"searchword\">Mersin<\/strong>\u00a0Valisi Atilla Toros, 2025 y\u0131l\u0131n\u0131n ilk 6 ay\u0131na ili\u015fkin g\u00fcvenlik ve asayi\u015f hizmetlerine dair verileri kamuoyuyla payla\u015ft\u0131. Valilikte ger\u00e7ekle\u015ftirilen toplant\u0131da Vali Yard\u0131mc\u0131s\u0131 Mehmet Yavuz, \u0130l Emniyet M\u00fcd\u00fcr\u00fc Kamil Karab\u00f6rk, Sahil G\u00fcvenlik Akdeniz B\u00f6lge Komutan\u0131 Tu\u011famiral O\u011fuz Bavbek ve \u0130l Jandarma Komutan Yard\u0131mc\u0131s\u0131 Albay Mehmet \u00d6zkul da yer ald\u0131.<\/p>\n<p>159 ter\u00f6r operasyonunda 207 ki\u015fi g\u00f6zalt\u0131na al\u0131nd\u0131<br \/>\nToros, &#8220;2025\u2019in ilk yar\u0131s\u0131nda ter\u00f6r \u00f6rg\u00fctlerine y\u00f6nelik toplam 159 operasyon d\u00fczenlendi. G\u00f6zalt\u0131na al\u0131nan 207 ki\u015fiden 89\u2019u tutukland\u0131, 73\u2019\u00fc hakk\u0131nda adli kontrol tedbiri uyguland\u0131&#8221; diye konu\u015ftu.<br \/>\nGe\u00e7ti\u011fimiz y\u0131l\u0131n ayn\u0131 d\u00f6nemiyle k\u0131yasland\u0131\u011f\u0131nda, ki\u015filere kar\u015f\u0131 i\u015flenen su\u00e7larda y\u00fczde 7,9 oran\u0131nda azalma ya\u015fand\u0131\u011f\u0131n\u0131 kaydeden Toros, bu su\u00e7lar\u0131n y\u00fczde 97,8\u2019inin ayd\u0131nlat\u0131ld\u0131\u011f\u0131n\u0131, kasten \u00f6ld\u00fcrme ve ki\u015fiyi h\u00fcrriyetinden yoksun k\u0131lma su\u00e7lar\u0131nda ise ayd\u0131nlatma oran\u0131n\u0131n y\u00fczde 100 oldu\u011funu vurgulad\u0131.<\/p>\n<p>Mal varl\u0131\u011f\u0131na kar\u015f\u0131 su\u00e7larda da d\u00fc\u015f\u00fc\u015f<br \/>\nMal varl\u0131\u011f\u0131na kar\u015f\u0131 i\u015flenen 9 \u00f6nemli su\u00e7un tamam\u0131nda azalma sa\u011fland\u0131\u011f\u0131n\u0131 belirten Toros, &#8220;Genel su\u00e7 oran\u0131 y\u00fczde 13,4 geriledi. Oto h\u0131rs\u0131zl\u0131\u011f\u0131nda y\u00fczde 37, motosiklet h\u0131rs\u0131zl\u0131\u011f\u0131nda y\u00fczde 36 ve evden h\u0131rs\u0131zl\u0131kta y\u00fczde 27 oran\u0131nda d\u00fc\u015f\u00fc\u015f g\u00f6r\u00fcld\u00fc&#8221; ifadelerini kulland\u0131.<br \/>\nY\u0131l\u0131n ilk yar\u0131s\u0131nda y\u00fcr\u00fct\u00fclen operasyonlarda toplam bin 135 silah ele ge\u00e7irildi\u011fini belirten Vali Toros, bin 233 ki\u015fi hakk\u0131nda i\u015flem yap\u0131ld\u0131\u011f\u0131n\u0131 bildirdi. Organize su\u00e7 \u015febekelerine y\u00f6nelik d\u00fczenlenen 43 operasyonda 169 ki\u015finin g\u00f6zalt\u0131na al\u0131nd\u0131\u011f\u0131n\u0131 aktaran Toros, bu ki\u015filerden 67\u2019sinin tutukland\u0131\u011f\u0131n\u0131, 57\u2019sine adli kontrol uyguland\u0131\u011f\u0131n\u0131 s\u00f6yledi.<\/p>\n<p>504 ka\u00e7ak\u00e7\u0131l\u0131k operasyonunda 53 milyon TL vergi kayb\u0131 \u00f6nlendi<br \/>\nVali Toros, ka\u00e7ak\u00e7\u0131l\u0131kla m\u00fccadelede y\u00fcr\u00fct\u00fclen 504 operasyonda 619 ki\u015finin g\u00f6zalt\u0131na al\u0131nd\u0131\u011f\u0131n\u0131, ele ge\u00e7irilen malzemelerle yakla\u015f\u0131k 53 milyon 761 bin TL\u2019lik vergi kayb\u0131n\u0131n \u00f6nlendi\u011fini kaydetti.<\/p>\n<p>Uyu\u015fturucuyla m\u00fccadelede b\u00fcy\u00fck art\u0131\u015f<br \/>\n2025\u2019in ilk 6 ay\u0131nda 677 uyu\u015fturucu operasyonu ger\u00e7ekle\u015ftirildi\u011fini ve 974 ki\u015finin g\u00f6zalt\u0131na al\u0131nd\u0131\u011f\u0131n\u0131 ifade eden Toros, &#8220;Ge\u00e7ti\u011fimiz y\u0131la g\u00f6re operasyon say\u0131s\u0131 y\u00fczde 40, g\u00f6zalt\u0131 say\u0131s\u0131 y\u00fczde 29, tutuklama say\u0131s\u0131 y\u00fczde 52 artt\u0131&#8221; dedi. Operasyonlarda 366 kilo uyu\u015fturucu madde, 3 milyon 219 bin uyu\u015fturucu hap ve bin 628 k\u00f6k kenevir ele ge\u00e7irildi.<\/p>\n<p>Siber su\u00e7larda 258 tutuklama<br \/>\nSanal devriyeler sayesinde yasa d\u0131\u015f\u0131 bahis ve dijital doland\u0131r\u0131c\u0131l\u0131k faaliyetlerine y\u00f6nelik 3 bin 626 i\u015flem yap\u0131ld\u0131\u011f\u0131n\u0131 belirten Toros, siber su\u00e7larla ilgili 53 operasyonda 446 ki\u015finin g\u00f6zalt\u0131na al\u0131nd\u0131\u011f\u0131n\u0131, bunlardan 258\u2019inin tutukland\u0131\u011f\u0131n\u0131 s\u00f6yledi.<\/p>\n<p>Trafik denetimleri artt\u0131<br \/>\n\u0130lk 6 ayda 2 milyon 734 bin 820 ara\u00e7 denetlendi\u011fini ifade eden Toros, ticari taksi denetimlerinin y\u00fczde 49 artarak 15 bin 14\u2019e, okul servisi denetimlerinin y\u00fczde 74 artarak 11 bin 653\u2019e y\u00fckseldi\u011fini belirtti. Trafik kazalar\u0131nda 72 ki\u015finin hayat\u0131n\u0131 kaybetti\u011fini, 5 bin 587 ki\u015finin ise yaraland\u0131\u011f\u0131n\u0131 a\u00e7\u0131klad\u0131.<\/p>\n<p>D\u00fczensiz g\u00f6\u00e7le m\u00fccadele s\u00fcr\u00fcyor<br \/>\nKentte yasal stat\u00fcde 211 bin 474 yabanc\u0131n\u0131n bulundu\u011funu belirten Toros, &#8220;Mobil g\u00f6\u00e7 ara\u00e7lar\u0131m\u0131zla yap\u0131lan kimlik kontrollerinde 668 d\u00fczensiz g\u00f6\u00e7men tespit edildi ve s\u0131n\u0131r d\u0131\u015f\u0131 s\u00fcreci ba\u015flat\u0131ld\u0131&#8221; diye konu\u015ftu.<br \/>\nSahil G\u00fcvenlik Akdeniz B\u00f6lge Komutanl\u0131\u011f\u0131\u2019n\u0131n y\u0131l\u0131n ilk yar\u0131s\u0131nda 9 bin 724 saat g\u00f6rev icra etti\u011fini belirten Toros, bu s\u00fcre\u00e7te 3 bin 184 gemi ve teknenin denetlendi\u011fini, 251 yasal i\u015flem yap\u0131ld\u0131\u011f\u0131n\u0131 ifade etti.<\/p>\n<p>&#8220;Ormanlar\u0131m\u0131z\u0131 birlikte koruyal\u0131m&#8221;<br \/>\nYaz aylar\u0131nda orman yang\u0131nlar\u0131na kar\u015f\u0131 vatanda\u015flar\u0131 uyaran Toros, ormanl\u0131k alanlara giri\u015flerin yasak oldu\u011funu ve k\u00fc\u00e7\u00fck ihlallerin dahi cezai yapt\u0131r\u0131mla kar\u015f\u0131la\u015faca\u011f\u0131n\u0131 vurgulad\u0131.<\/p>\n<p>&#8220;<strong class=\"searchword\">Mersin<\/strong>&#8216;de ne karada ne denizde ne dijital d\u00fcnyada su\u00e7a da su\u00e7luya da asla ge\u00e7it yok&#8221;<br \/>\nDevletin en temel vazifesinin vatanda\u015flar\u0131n\u0131n can ve mal g\u00fcvenli\u011fini temin etmek, su\u00e7un her t\u00fcrl\u00fcs\u00fcne kar\u015f\u0131 cayd\u0131r\u0131c\u0131, etkili ve kesintisiz bir m\u00fccadele vermek oldu\u011funu vurgulayan Vali Toros, \u015f\u00f6yle devam etti; &#8220;Bu sorumlulukla hareket eden t\u00fcm kolluk kuvvetlerimiz gece g\u00fcnd\u00fcz demeden fedak\u00e2rca g\u00f6revlerinin ba\u015f\u0131ndad\u0131r. Devletimizin bekas\u0131na, milletimizin birli\u011fine ve karde\u015fli\u011fine kasteden her t\u00fcrl\u00fc ter\u00f6r oda\u011f\u0131na kar\u015f\u0131 m\u00fccadelemiz s\u00fcrmektedir.\u00a0<strong class=\"searchword\">Mersin<\/strong>&#8216;de hi\u00e7bir su\u00e7lunun, izini kaybettirmesine m\u00fcsaade etmedik, etmeyece\u011fiz.\u00a0<strong class=\"searchword\">Mersin<\/strong>&#8216;de ne karada ne denizde ne dijital d\u00fcnyada su\u00e7a da su\u00e7luya da asla ge\u00e7it yok, her alanda g\u00fcvenlik g\u00fc\u00e7lerimiz \u00e7elikten iradesi ile sahadad\u0131r. Burada payla\u015ft\u0131\u011f\u0131m\u0131z her veri,\u00a0<strong class=\"searchword\">Mersin<\/strong>&#8216;in g\u00fcvenli\u011fi i\u00e7in ortaya konulan eme\u011fin, cesaretin ve iradenin rakamlara yans\u0131yan bir ifadesidir. Bizler devletimizin verdi\u011fi yetkiyle, milletimizin emanet etti\u011fi sorumlulukla su\u00e7un her t\u00fcrl\u00fcs\u00fcne kar\u015f\u0131 azimle m\u00fccadele etmeye devam edece\u011fiz. G\u00fcvenli sokaklar, huzurlu mahalleler ve gelece\u011fe umutla bakan bir gen\u00e7lik i\u00e7in \u00e7al\u0131\u015f\u0131yoruz. Ve bu m\u00fccadeleden asla geri durmayaca\u011f\u0131z.&#8221;<\/p>\n<p>15 Temmuz i\u00e7in davet<br \/>\nVali Toros s\u00f6zlerini, &#8220;15 Temmuz Demokrasi ve Mill\u00ee Birlik G\u00fcn\u00fc\u2019n\u00fcn 9. y\u0131l\u0131nda t\u00fcm vatanda\u015flar\u0131m\u0131z\u0131 15 Temmuz ak\u015fam\u0131 Cumhuriyet Meydan\u0131\u2019nda bulu\u015fmaya davet ediyorum&#8221; diyerek tamamlad\u0131.<\/p>\n","protected":false},"excerpt":{"rendered":"<p>Mersin\u00a0Valisi Atilla Toros,\u00a0Mersin&#8216;de hi\u00e7bir su\u00e7lunun izini kaybettirmesine m\u00fcsaade etmediklerini ve etmeyeceklerini belirterek, &#8220;Ne karada ne denizde ne dijital d\u00fcnyada su\u00e7a da su\u00e7luya da asla ge\u00e7it yok, her alanda g\u00fcvenlik g\u00fc\u00e7lerimiz \u00e7elikten iradesi ile sahadad\u0131r&#8221; dedi. Mersin\u00a0Valisi Atilla Toros, 2025 y\u0131l\u0131n\u0131n ilk 6 ay\u0131na ili\u015fkin g\u00fcvenlik ve asayi\u015f hizmetlerine dair verileri kamuoyuyla payla\u015ft\u0131. Valilikte ger\u00e7ekle\u015ftirilen toplant\u0131da [&hellip;]<\/p>\n","protected":false},"author":2,"featured_media":102191,"comment_status":"open","ping_status":"open","sticky":false,"template":"","format":"standard","meta":{"footnotes":""},"categories":[1],"tags":[],"class_list":["post-102190","post","type-post","status-publish","format-standard","has-post-thumbnail","hentry","category-gundem"],"views":215,"_links":{"self":[{"href":"https:\/\/mersingazetesi.com\/index.php\/wp-json\/wp\/v2\/posts\/102190","targetHints":{"allow":["GET"]}}],"collection":[{"href":"https:\/\/mersingazetesi.com\/index.php\/wp-json\/wp\/v2\/posts"}],"about":[{"href":"https:\/\/mersingazetesi.com\/index.php\/wp-json\/wp\/v2\/types\/post"}],"author":[{"embeddable":true,"href":"https:\/\/mersingazetesi.com\/index.php\/wp-json\/wp\/v2\/users\/2"}],"replies":[{"embeddable":true,"href":"https:\/\/mersingazetesi.com\/index.php\/wp-json\/wp\/v2\/comments?post=102190"}],"version-history":[{"count":0,"href":"https:\/\/mersingazetesi.com\/index.php\/wp-json\/wp\/v2\/posts\/102190\/revisions"}],"wp:featuredmedia":[{"embeddable":true,"href":"https:\/\/mersingazetesi.com\/index.php\/wp-json\/wp\/v2\/media\/102191"}],"wp:attachment":[{"href":"https:\/\/mersingazetesi.com\/index.php\/wp-json\/wp\/v2\/media?parent=102190"}],"wp:term":[{"taxonomy":"category","embeddable":true,"href":"https:\/\/mersingazetesi.com\/index.php\/wp-json\/wp\/v2\/categories?post=102190"},{"taxonomy":"post_tag","embeddable":true,"href":"https:\/\/mersingazetesi.com\/index.php\/wp-json\/wp\/v2\/tags?post=102190"}],"curies":[{"name":"wp","href":"https:\/\/api.w.org\/{rel}","templated":true}]}}