{"id":102150,"date":"2025-07-08T11:33:42","date_gmt":"2025-07-08T08:33:42","guid":{"rendered":"https:\/\/mersingazetesi.com\/?p=102150"},"modified":"2025-07-08T16:48:35","modified_gmt":"2025-07-08T13:48:35","slug":"reset-maga-ve-cok-kutuplu-eksen-mucadeleleri","status":"publish","type":"post","link":"https:\/\/mersingazetesi.com\/index.php\/2025\/07\/08\/reset-maga-ve-cok-kutuplu-eksen-mucadeleleri\/","title":{"rendered":"\u2018RESET, MAGA VE \u00c7OK KUTUPLU D\u00dcNYA\u2019 EKSENLER\u0130 ARASINDAK\u0130 M\u00dcCADELE"},"content":{"rendered":"<p>Kanaatimce, ABD\u2019nin yeni ba\u015fkan\u0131 Trump\u2019\u0131n se\u00e7ilmesinden sonra, D\u00fcnya\u2019n\u0131n ve Ortado\u011fu co\u011frafyas\u0131n\u0131n gelece\u011fi bu \u00fc\u00e7 eksen aras\u0131ndaki m\u00fccadelenin ve kesi\u015fmelerin sonu\u00e7lar\u0131na g\u00f6re \u015fekillenece\u011fi y\u00f6n\u00fcnde geli\u015fmeler devam ediyor.<\/p>\n<p>B\u00dcY\u00dcK SIFIRLAMA (GREAT RESET) B\u00dcY\u00dcK \u0130NSANLI\u011eA KAR\u015eI<\/p>\n<p>Daha \u00f6nceki yaz\u0131lar\u0131m\u0131 takip eden okurlar\u0131m\u0131z, ABD ba\u015fkan\u0131 Biden \u00f6nc\u00fcl\u00fc\u011f\u00fcnde d\u00f6neminde, Ukrayna\u2019n\u0131n Palya\u00e7o Liderinin \u0131srarla Rusya\u2019ya sava\u015f a\u00e7mas\u0131 i\u00e7in k\u0131\u015fk\u0131rt\u0131ld\u0131\u011f\u0131n\u0131 ve te\u015fvik edildi\u011fini ve Trump 2.0 ile birlikte ortada b\u0131rak\u0131ld\u0131klar\u0131n\u0131 hat\u0131rlayacaklard\u0131r.<\/p>\n<p>Ba\u015f\u0131n\u0131 Anglo Siyonist merkezlerin \u00e7ekti\u011fi Reset\u00e7ilerin nihai ama\u00e7lar\u0131;<br \/>\nD\u00fcnya Ekonomik Formunun ba\u015fkan\u0131 Dr.Klaus Swap\u2018\u0131n \u2018B\u00fcy\u00fck S\u0131f\u0131rlama (Great Reset)\u2019 kitab\u0131nda belirtildi\u011fi gibi, D\u00fcnya n\u00fcfusunun sava\u015flarla ve vir\u00fcslerle 500 milyona d\u00fc\u015f\u00fcrecek \u015fekilde azalt\u0131lmas\u0131yd\u0131 .<\/p>\n<p>Bunun i\u00e7in \u00dc\u00e7\u00fcnc\u00fc D\u00fcnya Sava\u015f\u0131\u2019n\u0131n \u00e7\u0131kmas\u0131 \u00f6nemli bir ad\u0131md\u0131.<br \/>\nBu nedenle -Topal \u00d6rdek ABD Ba\u015fkan\u0131 Biden- ABD se\u00e7imlerini kaybetmesinden sonra giderayak Ukrayna\u2019ya g\u00f6nderdi\u011fi sald\u0131r\u0131 f\u00fczelerinin kullanma yetkisini Ukrayna y\u00f6netimine verdi ve kulland\u0131rd\u0131.<br \/>\nAncak, \u00c7ok Kutuplu D\u00fcnya\u2019y\u0131 (\u00c7KD) savunan Rusya Devlet Ba\u015fkan\u0131 Putin\u2019in ihtiyatl\u0131 yakla\u015f\u0131m\u0131yla, Ukrayna ve ABD\u2019nin t\u00fcm k\u0131\u015fk\u0131rtmalar\u0131na ra\u011fmen, sava\u015f uzun s\u00fcre s\u0131n\u0131rl\u0131 tutuldu ve D\u00fcnya Sava\u015f\u0131\u2019na d\u00f6n\u00fc\u015fmedi.<\/p>\n<p>\u00d6te yandan, ABD&#8217;deki 2024 se\u00e7imlerinde Trump\u2019\u0131n kazanmas\u0131 ile \u00f6nce Ukrayna, sonra Gazze \u00fczerinden \u00e7\u0131kar\u0131lmaya \u00e7al\u0131\u015f\u0131lan 3. D\u00fcnya Sava\u015f\u0131 olas\u0131l\u0131\u011f\u0131, ge\u00e7ti\u011fimiz aylarda \u0130srail\u2019in ve ABD\u2019nin \u0130ran\u2019a kar\u015f\u0131l\u0131kl\u0131 sald\u0131rmalar\u0131na ra\u011fmen \u015fimdilik daha azalm\u0131\u015f g\u00f6r\u00fcn\u00fcyor.<\/p>\n<p>MAGA B\u0130R AMER\u0130KAN YURTSEVERL\u0130\u011e\u0130D\u0130R<\/p>\n<p>Trump\u2019\u0131n se\u00e7im slogan\u0131 MAGA(Make America Great Again) yani -Amerika&#8217;y\u0131 Yeniden B\u00fcy\u00fck Yapmak- \u00f6z\u00fcnde, \u00c7in rekabeti kar\u015f\u0131s\u0131nda s\u00fcrekli irtifa kaybeden ABD\u2019nin Sanayi ve Ekonomisine odaklanarak, ABD&#8217;yi ikinci D\u00fcnya Sava\u015f\u0131 sonras\u0131nda oldu\u011fu gibi \u00c7in\u2019i ge\u00e7ip, D\u00fcnya\u2019n\u0131n bir numaral\u0131 ekonomisi yaparak ABD yurtta\u015flar\u0131n\u0131n refah\u0131n\u0131 art\u0131rmak \u00f6ncelikli hedef olarak g\u00f6rmektedir.<br \/>\nAncak Trump, Anglosakson derin merkezlerin, ABD\u2019yi D\u00fcnya\u2019n\u0131n jandarmas\u0131 ve kaba g\u00fc\u00e7 olarak kullanmas\u0131n\u0131 istememektedir.<br \/>\nBu nedenle Anglo sakson -Siyonist politikalarla aras\u0131na mesafe koymaya \u00e7al\u0131\u015fmaktad\u0131r. Bu nedenle ge\u00e7ti\u011fimiz g\u00fcnlerde \u0130srail\u2019in Gazze sald\u0131r\u0131lar\u0131n\u0131 onaylarken, \u0130srail\u2019i ziyaret etmemi\u015f. \u0130ran\u2019a da sald\u0131r\u0131ya ba\u015flang\u0131\u00e7ta mesafeli durmu\u015ftur. Ancak sonradan, san\u0131r\u0131m \u0130srail yanl\u0131s\u0131 dan\u0131\u015fmanlar\u0131n\u0131n \u00f6nerisiyle \u0130ran\u2019\u0131n n\u00fckleer tesislerinin ABD taraf\u0131ndan bombalanmas\u0131na onay veren bir kafa kar\u0131\u015f\u0131kl\u0131\u011f\u0131 ya\u015fam\u0131\u015ft\u0131r.<\/p>\n<p>\u00c7OK KUTUPLU D\u00dcNYA VE YEN\u0130 B\u0130R BM M\u0130MAR\u0130S\u0130<\/p>\n<p>Sovyetler Birli\u011fi\u2019nin \u00e7\u00f6kmesinden sonra, Putin\u2019in liderli\u011findeki Rusya, reset\u00e7i ve sava\u015f isteyen Angola sakson-siyonist odaklar\u0131n kar\u015f\u0131s\u0131nda \u00c7ok Kutuplu D\u00fcnya\u2019y\u0131 ve Bar\u0131\u015f\u2019\u0131 savunan bir \u00e7izgi izlemektedir. Ukrayna Sava\u015f\u0131\u2019n\u0131n bitirilmesi ve 3. D\u00fcnya Sava\u015f\u0131\u2019n\u0131n \u00f6nlenmesi konusunda da, Trump\u2019tan da \u00f6nemli bir destek almaktad\u0131r.<\/p>\n<p>Ki\u015fisel kanaatime g\u00f6re, Putin i\u00e7in Trump\u2018la anla\u015farak Ukrayna sava\u015f\u0131n\u0131 bitirerek, 3.D\u00fcnya Sava\u015f\u0131\u2019n\u0131n \u00f6nlemesi ve \u00c7ok Kutuplu D\u00fcnya\u2019n\u0131n kurulmas\u0131 \u00f6nceliklidir.<br \/>\nBu yakla\u015f\u0131m, D\u00fcnya Bar\u0131\u015f\u0131 ve D\u00fcnya halklar\u0131n\u0131n refah\u0131 i\u00e7in de \u00e7ok \u00f6nemli ve de\u011ferlidir.<br \/>\nAncak sava\u015f ve m\u00fchimmat sanayisini \u00e7al\u0131\u015ft\u0131rarak, buradan gelecek yeni fonlar\u0131 ve sermayeyi pazarlayarak tefecilik yapmay\u0131 isteyen anglosakson ve siyonist odaklar, 3. D\u00fcnya Sava\u015f\u0131\u2019n\u0131n ve yerel sava\u015flar\u0131n \u00e7\u0131kmas\u0131 i\u00e7in her t\u00fcrl\u00fc \u00e7abay\u0131 g\u00f6stermektedirler.<br \/>\nBunun i\u00e7in ba\u015fta Trump ve Putin olmak \u00fczere, bar\u0131\u015fa destek verenleri suikast ile \u00f6ld\u00fcrmek dahil her \u015feyi planlayabilecekleri de dikkate al\u0131nmal\u0131d\u0131r.<\/p>\n<p>YA\u015eLI AVRUPA A\u011eIRLI\u011eINI KAYBED\u0130YOR<\/p>\n<p>Daha \u00f6nce Merkel\u2018in liderli\u011findeki Avrupa, Sava\u015fa ve tek kutuplu D\u00fcnya\u2019ya mesafeli bir tutum izlerken, Ye\u015filler dahil t\u00fcm Avrupa sol ge\u00e7inen partileri bug\u00fcn Anglo Sakson-Siyonist odaklar\u0131n sava\u015f de\u011firmenine su ta\u015f\u0131d\u0131klar\u0131 g\u00f6zlenmektedir.<br \/>\nBunun en son \u00f6rne\u011fi Haziran ay\u0131ndaki son NATO toplant\u0131s\u0131nda, AB\u2019ye \u00fcye \u00fclkelerin savunma b\u00fct\u00e7elerini belirli oranda art\u0131rma konusundaki karara itiraz etmemeleri g\u00f6sterilebilir.<\/p>\n<p>SON BRICS B\u0130LD\u0130R\u0130S\u0130 D\u00dcNYA BARI\u015eI ADINA UMUT VER\u0130C\u0130D\u0130R<\/p>\n<p>Ge\u00e7ti\u011fimiz 6-7 Temmuz tarihlerinde Brezilya\u2019n\u0131n ba\u015fkenti Rio De Jenerio\u2019da ger\u00e7ekle\u015fen ve \u00fclkemizin de g\u00f6zlemci s\u0131fat\u0131 ile kat\u0131ld\u0131\u011f\u0131 ve 30\u2019a yak\u0131n \u00fclkenin, devlet ba\u015fkanlar\u0131n\u0131n kat\u0131l\u0131m\u0131 ile ger\u00e7ekle\u015fen son BIRICS toplant\u0131s\u0131n\u0131n sonu\u00e7 bildirisindeki bar\u0131\u015f ve \u00e7ok tarafl\u0131l\u0131k(kutupluluk) vurgusu D\u00fcnya\u2019m\u0131z\u0131n gelece\u011fi a\u00e7\u0131s\u0131ndan \u00e7ok \u00f6nemlidir.<br \/>\n6-7 Temmuz 2025 de tarihinde Brezilya&#8217;n\u0131n ba\u015fkenti Rio De Jenerio&#8217;da yap\u0131lan son BRICS zirvesinin sonu\u00e7 bildirisinde IMF, DT\u00d6 ve D\u00fcnya Bankas\u0131 gibi uluslararas\u0131 kurumlar\u0131nda acilen reforme edilmesi ile -t\u00fcm uluslararas\u0131 kurumlar\u0131n-uluslararas\u0131 hukuka g\u00f6re yeniden d\u00fczenlenmesi ve \u00e7ok tarafl\u0131l\u0131k vurgusu yer alm\u0131\u015ft\u0131r.<br \/>\nTrump ile Putin aras\u0131ndaki g\u00f6r\u00fc\u015fmelerin ve s\u00fcrecin devam\u0131 halinde yeni bir BM mimarisi ile sonu\u00e7lanmas\u0131 muhtemeldir.<br \/>\nTrump\u2018\u0131n se\u00e7ilmesi ile ba\u015flayan s\u00fcre\u00e7te MAGA ekseninde sava\u015fs\u0131z bir D\u00fcnya se\u00e7ene\u011fi giderek g\u00fc\u00e7lenmektedir. Ancak, D\u00fcnya Bar\u0131\u015f\u0131n\u0131 engellemek i\u00e7in Trump ve Putin\u2019e suikast dahil, her t\u00fcrl\u00fc provokasyon olas\u0131l\u0131\u011f\u0131 da devam etmektedir.<\/p>\n<p>D\u00fcnya\u2019n\u0131n gelece\u011fini yaz\u0131m\u0131z\u0131n ba\u015fl\u0131\u011f\u0131nda belirtilen yukar\u0131daki bu \u00fc\u00e7 eksen ve aralar\u0131ndaki ba\u011f\u0131ml\u0131 ili\u015fki ve geli\u015fmeler belirleyecektir.<\/p>\n<p>\u2018YURTTA BARI\u015e, D\u00dcNYADA BARI\u015e\u2019 V\u0130ZYONU \u0130NSANLI\u011eIN GELECE\u011e\u0130 \u0130\u00c7\u0130N B\u00dcY\u00dcK B\u0130R UMUTTUR<\/p>\n<p>Kanl\u0131 sava\u015f meydanlar\u0131ndan gelen bir komutan olan Mustafa Kemal Atat\u00fcrk\u2019\u00fcn y\u00fczy\u0131l \u00f6nce sava\u015f ve bar\u0131\u015f konusunda dile getirdi\u011fi vizyon D\u00fcnyam\u0131z\u0131n ve insanl\u0131\u011f\u0131n gelece\u011fi i\u00e7in \u00e7ok \u00f6nemli ve ya\u015famsald\u0131r.<\/p>\n<p>-Yurtta Bar\u0131\u015f D\u00fcnyada Bar\u0131\u015f,<br \/>\n-\u00dclke savunmas\u0131 i\u00e7in zorunluk olmad\u0131k\u00e7a sava\u015f cinayettir.<br \/>\nKanaatimce, M. Kemal ATAT\u00dcRK\u2019\u00fcn bu iki ifade ile \u00e7er\u00e7evesi \u00e7izilmi\u015f bar\u0131\u015f vizyonu -, bug\u00fcn ve yar\u0131n insanl\u0131k tarihi boyunca ge\u00e7erli olacakt\u0131r.<br \/>\n\u00d6zellikle \u00fc\u00e7 k\u0131taya birden a\u00e7\u0131lan Anadolu co\u011frafyas\u0131, binlerce y\u0131ld\u0131r din ve hegemonya sava\u015flar\u0131n\u0131n Ortak kesi\u015fim noktas\u0131nda yer almaktad\u0131r. Tarih boyunca Anadolu halklar\u0131 , on binlerce y\u0131ll\u0131k tarihinde her 10-15 y\u0131lda \u00e7ok b\u00fcy\u00fck sava\u015flar ya\u015fam\u0131\u015ft\u0131r. Bu topraklarda ve \u00e7evresinde \u00e7ok kanlar d\u00f6k\u00fclm\u00fc\u015f, \u00e7ok canlar yitirilmi\u015ftir.<br \/>\n\u00d6yle ki bir\u00e7ok uygarl\u0131\u011fa ev sahipli\u011fi yapan Anadolu\u2019da; farkl\u0131 uygarl\u0131klara ait arkeolojik pek \u00e7ok eserde sava\u015f fig\u00fcrleri ve betimlemeleri vard\u0131r.<\/p>\n<p>Mustafa Kemal Atat\u00fcrk, 1930\u2019lar\u0131n sonuna yakla\u015f\u0131rken, II. D\u00fcnya Sava\u015f\u0131\u2019n\u0131n yakla\u015ft\u0131\u011f\u0131n\u0131 g\u00f6rm\u00fc\u015ft\u00fcr.<br \/>\nOrta Do\u011fu b\u00f6lgesinde \u00e7\u0131kabilecek sava\u015flar\u0131 \u00f6nlemek ve en \u00e7ok sava\u015flar\u0131n \u00e7\u0131kt\u0131\u011f\u0131 iki b\u00f6lgede d\u0131\u015far\u0131dan emperyalist m\u00fcdahaleleri \u00f6nlemek i\u00e7in, Ba\u011fdat ve Balkan Paktlar\u0131n\u0131 kurmu\u015f, b\u00f6ylelikle b\u00f6lgenin bar\u0131\u015f\u0131n\u0131 ve gelece\u011fini b\u00f6lge \u00fclkelerinin belirlemesini d\u00fc\u015f\u00fcnm\u00fc\u015ft\u00fc.<br \/>\nAncak, onun \u00f6l\u00fcm\u00fcnden hemen sonra ikinci D\u00fcnya Sava\u015f\u0131 ba\u015flam\u0131\u015ft\u0131r. \u00d6l\u00fcm\u00fcnden \u00f6nce de, II. Cumhurba\u015fkan\u0131m\u0131z \u0130smet \u0130n\u00f6n\u00fc\u2019ye, T\u00fcrkiye\u2019nin yakla\u015fmakta olan D\u00fcnya sava\u015f\u0131na kesinlikle girmemesini, gen\u00e7 Cumhuriyetin bu sava\u015f\u0131n y\u0131k\u0131m\u0131ndan uzak tutmas\u0131n\u0131 vasiyet etmi\u015ftir.<br \/>\n\u0130smet \u0130n\u00f6n\u00fc\u2019de II. D\u00fcnya sava\u015f\u0131 boyunca hem Hitleri, hem de Churchill\u2019i \u00e7e\u015fitli bahanelerle oyalayarak T\u00fcrkiye\u2019yi II. D\u00fcnya sava\u015f\u0131n\u0131n b\u00fcy\u00fck y\u0131k\u0131m\u0131ndan kurtarm\u0131\u015f, b\u00f6ylelikle bir kez daha bu topraklarda analar\u0131n dul, \u00e7ocuklar\u0131n yetim, dedelerin torunsuz kalmas\u0131n\u0131 \u00f6nlemi\u015ftir.<\/p>\n<p>ATAT\u00dcRK\u2019\u00dcN BARI\u015e V\u0130ZYONU SAYES\u0130NDE BU TOPRAKLARDA 100 YILDIR \u0130LK DEFA ONURLU B\u0130R BARI\u015e YA\u015eANMAKTADIR<\/p>\n<p>D\u00fcnya\u2019da ve Anadolu topraklar\u0131n da, Osmanl\u0131 ve di\u011fer hanedanlar\u0131n kendi ihtiraslar\u0131 i\u00e7in girdi\u011fi sava\u015flar ger\u00e7e\u011fi, \u00f6zellikle Anadolu\u2019da her yoksul aileyi ve gelece\u011fini etkilemi\u015ftir.<br \/>\nBir\u00e7ok Anadolu kad\u0131n\u0131 ya\u015fam m\u00fccadelelerine -\u00e7ocuklar\u0131yla dul olarak- devam etmek zorunda kalm\u0131\u015f, her 10-20 y\u0131l i\u00e7inde ya\u015fanan ard\u0131\u015f\u0131k sava\u015flar sonucu babalar \u00e7ocuklar\u0131n\u0131, dedeler torunlar\u0131n\u0131 g\u00f6remeden \u00f6lm\u00fc\u015ft\u00fcr.<br \/>\nBu nedenle, binlerce y\u0131ll\u0131k Anadolu ve D\u00fcnya tarihinde , Mustafa Kemal Atat\u00fcrk\u2019\u00fcn bar\u0131\u015f vizyonu, D\u00fcnya tarihi ,\u00fclkemizin ve insanl\u0131\u011f\u0131n gelece\u011fi a\u00e7\u0131s\u0131ndan \u00e7ok \u00f6nemli ve de\u011ferlidir .<br \/>\nAKP \u0130ktidar\u0131n\u0131n da, bu vizyona sahip \u00e7\u0131kmas\u0131 ve \u00e7evremizdeki sava\u015flarda yap\u0131c\u0131 bir rol oynama \u00e7abas\u0131, t\u00fcm partiler taraf\u0131ndan desteklenmelidir.<\/p>\n<p>EN\u0130\u015eTEM BEN\u0130 N\u0130YE \u00d6PT\u00dc?<\/p>\n<p>Ancak, co\u011frafyam\u0131zda, bir taraftan, Suriye\u2019deki laik Esat rejiminin y\u0131k\u0131larak eski I\u015eID\u2019\u00e7i ve ba\u015f\u0131na \u00f6d\u00fcl konulan eski ter\u00f6rist Colani\u2019in Suriye\u2019nin ba\u015f\u0131na ge\u00e7mesi ile orta do\u011fuda yeni bir s\u00fcre\u00e7 ba\u015flat\u0131lm\u0131\u015ft\u0131r. Suriye\u2019deki yeni rejimin PYD ile anla\u015fma imzalayarak resmen tan\u0131nmas\u0131, iktidar orta\u011f\u0131 Devlet Bah\u00e7eli\u2019nin 22 Ekim 2024\u2019te ter\u00f6rizmden, t\u00fcm d\u00fcnya hukukunda kabul g\u00f6rerek mahkum olmu\u015f ter\u00f6rist ba\u015f\u0131 Abdullah \u00d6calan\u2019\u0131 -Kurucu \u00d6nder -ilan ederek yeni bir s\u00fcreci ba\u015flatmas\u0131, arkas\u0131ndan Trump\u2019\u0131n, se\u00e7ildikten hemen sonra R.T. Erdo\u011fan\u2019\u0131 \u00f6vmesi dikkat \u00e7ekici geli\u015fmelerdir.<\/p>\n<p>16 Mart 2025 tarihinde Trump ile Erdo\u011fan\u2019\u0131n yapt\u0131klar\u0131 telefon g\u00f6r\u00fc\u015fmesi ile aralar\u0131nda baz\u0131 konularda mutabakata vararak, 18 Mart\u2019ta Ekrem \u0130mamo\u011flu\u2019nun(E\u0130) diplomas\u0131n\u0131 iptali, CHP\u2019nin CB aday\u0131 E\u0130\u2019nin 19 Mart\u2018ta tutuklanmas\u0131 s\u00fcrecini de birbirinden ba\u011f\u0131ms\u0131z geli\u015fmeler olarak g\u00f6rmek ne kadar dorudur?<br \/>\nBu durum b\u00f6lgemizde \u00fclkemizin de dahil oldu\u011fu hen\u00fcz ayr\u0131nt\u0131s\u0131n\u0131 bilmedi\u011fimiz yeni bir oyunun kuruldu\u011funun ve kartlar\u0131n yeniden kar\u0131l\u0131p da\u011f\u0131t\u0131ld\u0131\u011f\u0131n\u0131n i\u015faretleridir.<\/p>\n<p>Ancak halk\u0131m\u0131z da hen\u00fcz -ter\u00f6rs\u00fcz T\u00fcrkiye- olarak pazarlanan bu s\u00fcrece, hen\u00fcz \u00e7ok temkinli yakla\u015fmaktad\u0131r. \u00dclkemizde, DEM parti e\u015f ba\u015fkan\u0131n\u0131n dikkat \u00e7ekti\u011fi gibi, 40 y\u0131ll\u0131k PKK ter\u00f6r\u00fcn\u00fcn birdenbire bitti\u011finin ilan edilmesi, t\u00fcm T\u00fcrkiye\u2019de ve sokaklarda d\u00fc\u011f\u00fcn \/bayram sevin\u00e7le kar\u015f\u0131lan\u0131p kutlanmam\u0131\u015ft\u0131r.<br \/>\nSan\u0131r\u0131m halk\u0131m\u0131z, bir Anadolu t\u00fcrk\u00fcs\u00fcndeki gibi , \u2018d\u00fc\u011f\u00fcn de\u011fil bayram de\u011fil, eni\u015ftem beni niye \u00f6pt\u00fc?\u2019 diye sormakta ve ihtiyatla bu sorunun yan\u0131t\u0131n\u0131 aramaktad\u0131r.<\/p>\n<p>\u00d6n\u00fcm\u00fczdeki yaz\u0131m\u0131zda, Trump ile Erdo\u011fan aras\u0131ndaki telefon ve gizli g\u00f6r\u00fc\u015fmelerde b\u00f6lgemizin ve D\u00fcnya\u2019n\u0131n gelece\u011fi i\u00e7in -nas\u0131l bir mutabakat \u00e7er\u00e7evesi &#8211; sa\u011flanm\u0131\u015f olabilece\u011fi konusunda tahmin ve g\u00f6r\u00fc\u015flerimi payla\u015faca\u011f\u0131m.<\/p>\n","protected":false},"excerpt":{"rendered":"<p>Kanaatimce, ABD\u2019nin yeni ba\u015fkan\u0131 Trump\u2019\u0131n se\u00e7ilmesinden sonra, D\u00fcnya\u2019n\u0131n ve Ortado\u011fu co\u011frafyas\u0131n\u0131n gelece\u011fi bu \u00fc\u00e7 eksen aras\u0131ndaki m\u00fccadelenin ve kesi\u015fmelerin sonu\u00e7lar\u0131na g\u00f6re \u015fekillenece\u011fi y\u00f6n\u00fcnde geli\u015fmeler devam ediyor. B\u00dcY\u00dcK SIFIRLAMA (GREAT RESET) B\u00dcY\u00dcK \u0130NSANLI\u011eA KAR\u015eI Daha \u00f6nceki yaz\u0131lar\u0131m\u0131 takip eden okurlar\u0131m\u0131z, ABD ba\u015fkan\u0131 Biden \u00f6nc\u00fcl\u00fc\u011f\u00fcnde d\u00f6neminde, Ukrayna\u2019n\u0131n Palya\u00e7o Liderinin \u0131srarla Rusya\u2019ya sava\u015f a\u00e7mas\u0131 i\u00e7in k\u0131\u015fk\u0131rt\u0131ld\u0131\u011f\u0131n\u0131 ve te\u015fvik [&hellip;]<\/p>\n","protected":false},"author":13,"featured_media":102151,"comment_status":"open","ping_status":"open","sticky":false,"template":"","format":"standard","meta":{"footnotes":""},"categories":[28],"tags":[],"class_list":["post-102150","post","type-post","status-publish","format-standard","has-post-thumbnail","hentry","category-serdar-erkan"],"views":1369,"_links":{"self":[{"href":"https:\/\/mersingazetesi.com\/index.php\/wp-json\/wp\/v2\/posts\/102150","targetHints":{"allow":["GET"]}}],"collection":[{"href":"https:\/\/mersingazetesi.com\/index.php\/wp-json\/wp\/v2\/posts"}],"about":[{"href":"https:\/\/mersingazetesi.com\/index.php\/wp-json\/wp\/v2\/types\/post"}],"author":[{"embeddable":true,"href":"https:\/\/mersingazetesi.com\/index.php\/wp-json\/wp\/v2\/users\/13"}],"replies":[{"embeddable":true,"href":"https:\/\/mersingazetesi.com\/index.php\/wp-json\/wp\/v2\/comments?post=102150"}],"version-history":[{"count":0,"href":"https:\/\/mersingazetesi.com\/index.php\/wp-json\/wp\/v2\/posts\/102150\/revisions"}],"wp:featuredmedia":[{"embeddable":true,"href":"https:\/\/mersingazetesi.com\/index.php\/wp-json\/wp\/v2\/media\/102151"}],"wp:attachment":[{"href":"https:\/\/mersingazetesi.com\/index.php\/wp-json\/wp\/v2\/media?parent=102150"}],"wp:term":[{"taxonomy":"category","embeddable":true,"href":"https:\/\/mersingazetesi.com\/index.php\/wp-json\/wp\/v2\/categories?post=102150"},{"taxonomy":"post_tag","embeddable":true,"href":"https:\/\/mersingazetesi.com\/index.php\/wp-json\/wp\/v2\/tags?post=102150"}],"curies":[{"name":"wp","href":"https:\/\/api.w.org\/{rel}","templated":true}]}}