{"id":102000,"date":"2025-07-06T12:14:50","date_gmt":"2025-07-06T09:14:50","guid":{"rendered":"https:\/\/mersingazetesi.com\/?p=102000"},"modified":"2025-07-06T14:28:05","modified_gmt":"2025-07-06T11:28:05","slug":"orman-yanginlari-ve-frenk-yemisi-bitkisi","status":"publish","type":"post","link":"https:\/\/mersingazetesi.com\/index.php\/2025\/07\/06\/orman-yanginlari-ve-frenk-yemisi-bitkisi\/","title":{"rendered":"ORMAN YANGINLARI VE FRENK YEM\u0130\u015e\u0130 B\u0130TK\u0130S\u0130!"},"content":{"rendered":"<p>Hint inciri ya da dikenli incir olarak da bilinen frenk yemi\u015fi bitkisi, yan\u0131c\u0131 \u00f6zelli\u011fi olmayan meyveli bir bitkidir.<br \/>\nBu bitki her t\u00fcrl\u00fc ortamda kolayca yeti\u015febilir. Yeti\u015fme s\u00fcrecinde de hi\u00e7bir bak\u0131m istemez.<br \/>\nAyr\u0131ca, meyveleri de olduk\u00e7a uzun \u00f6m\u00fcrl\u00fcd\u00fcr ve bir o kadar da lezzetli ve besleyicidir.<br \/>\nOrman yang\u0131nlar\u0131 \u00e7e\u015fitli nedenlerle \u00e7\u0131kabilir.<br \/>\nAt\u0131lan s\u00f6nd\u00fcr\u00fclmemi\u015f bir sigara izmariti yang\u0131na neden olabilece\u011fi gibi, mangal ate\u015fi, yak\u0131lan an\u0131zlar, ormanl\u0131k alana at\u0131lan cam \u015fi\u015feler, orman i\u00e7inden ge\u00e7en elektrik hatlar\u0131, sabotajlar ve \u00f6teki baz\u0131 dikkatsizlikler ve ihmaller yang\u0131na yol a\u00e7abilir.<br \/>\nB\u00fct\u00fcn bu nedenlerden dolay\u0131 da orman yang\u0131nlar\u0131 \u00f6nlenebilir bir \u015fey de\u011fildir. Ancak, orman yang\u0131nlar\u0131n\u0131n yay\u0131lmadan s\u00f6nd\u00fcr\u00fclmesi m\u00fcmk\u00fcnd\u00fcr.<br \/>\nBunun i\u00e7in yap\u0131lacak \u015fey basittir.<br \/>\nOrmanl\u0131k b\u00f6lgelerdeki yol kenarlar\u0131na ku\u015fak halinde ve otuz, k\u0131rk metre geni\u015fli\u011finde frenk yemi\u015fi bitkisi dikmek. Sadece bu yetmez ama, ormanl\u0131k b\u00f6lgeleri adalara b\u00f6l\u00fcp, adalar aras\u0131nda b\u0131rak\u0131lan iki y\u00fcz, iki y\u00fcz elli metre geni\u015fli\u011findeki alana frenk yemi\u015fi bitkisi dikmek ve frenk yemi\u015fi dikilen ku\u015fa\u011f\u0131n tam orta noktas\u0131na da orman yang\u0131nlar\u0131na m\u00fcdahale yolu yapmak ve bu yolu da s\u00fcrekli olarak a\u00e7\u0131k tutmak.<br \/>\n\u00dclke olarak bunu ba\u015fard\u0131\u011f\u0131m\u0131z takdirde g\u00fcnlerce s\u00fcren geni\u015f boyutlu orman yang\u0131nlar\u0131 olmayacakt\u0131r.<br \/>\n\u00c7\u00fcnk\u00fc adalar aras\u0131na dikilen frenk yemi\u015fi bitkisi, sulu yap\u0131s\u0131 gere\u011fi yang\u0131n\u0131 b\u0131\u00e7ak gibi kesecektir.<br \/>\nOrman Genel M\u00fcd\u00fcrl\u00fc\u011f\u00fc&#8217;n\u00fcn bu ger\u00e7e\u011fi g\u00f6rmesini ve ormanlar\u0131m\u0131z daha fazla heba olup gitmeden frenk yemi\u015fi bitkisi dikme projesini hayata ge\u00e7irmesini umut ve temenni ediyor, yang\u0131n \u00e7\u0131kmamas\u0131 konusunda t\u00fcm vatanda\u015flar\u0131m\u0131z\u0131 sorumlu ve duyarl\u0131 olmaya davet ediyorum.<\/p>\n","protected":false},"excerpt":{"rendered":"<p>Hint inciri ya da dikenli incir olarak da bilinen frenk yemi\u015fi bitkisi, yan\u0131c\u0131 \u00f6zelli\u011fi olmayan meyveli bir bitkidir. Bu bitki her t\u00fcrl\u00fc ortamda kolayca yeti\u015febilir. Yeti\u015fme s\u00fcrecinde de hi\u00e7bir bak\u0131m istemez. Ayr\u0131ca, meyveleri de olduk\u00e7a uzun \u00f6m\u00fcrl\u00fcd\u00fcr ve bir o kadar da lezzetli ve besleyicidir. Orman yang\u0131nlar\u0131 \u00e7e\u015fitli nedenlerle \u00e7\u0131kabilir. At\u0131lan s\u00f6nd\u00fcr\u00fclmemi\u015f bir sigara izmariti [&hellip;]<\/p>\n","protected":false},"author":14,"featured_media":100933,"comment_status":"open","ping_status":"open","sticky":false,"template":"","format":"standard","meta":{"footnotes":""},"categories":[47],"tags":[],"class_list":["post-102000","post","type-post","status-publish","format-standard","has-post-thumbnail","hentry","category-erdogan-serin"],"views":473,"_links":{"self":[{"href":"https:\/\/mersingazetesi.com\/index.php\/wp-json\/wp\/v2\/posts\/102000","targetHints":{"allow":["GET"]}}],"collection":[{"href":"https:\/\/mersingazetesi.com\/index.php\/wp-json\/wp\/v2\/posts"}],"about":[{"href":"https:\/\/mersingazetesi.com\/index.php\/wp-json\/wp\/v2\/types\/post"}],"author":[{"embeddable":true,"href":"https:\/\/mersingazetesi.com\/index.php\/wp-json\/wp\/v2\/users\/14"}],"replies":[{"embeddable":true,"href":"https:\/\/mersingazetesi.com\/index.php\/wp-json\/wp\/v2\/comments?post=102000"}],"version-history":[{"count":0,"href":"https:\/\/mersingazetesi.com\/index.php\/wp-json\/wp\/v2\/posts\/102000\/revisions"}],"wp:featuredmedia":[{"embeddable":true,"href":"https:\/\/mersingazetesi.com\/index.php\/wp-json\/wp\/v2\/media\/100933"}],"wp:attachment":[{"href":"https:\/\/mersingazetesi.com\/index.php\/wp-json\/wp\/v2\/media?parent=102000"}],"wp:term":[{"taxonomy":"category","embeddable":true,"href":"https:\/\/mersingazetesi.com\/index.php\/wp-json\/wp\/v2\/categories?post=102000"},{"taxonomy":"post_tag","embeddable":true,"href":"https:\/\/mersingazetesi.com\/index.php\/wp-json\/wp\/v2\/tags?post=102000"}],"curies":[{"name":"wp","href":"https:\/\/api.w.org\/{rel}","templated":true}]}}