{"id":101827,"date":"2025-07-03T11:45:20","date_gmt":"2025-07-03T08:45:20","guid":{"rendered":"https:\/\/mersingazetesi.com\/?p=101827"},"modified":"2025-07-03T14:47:28","modified_gmt":"2025-07-03T11:47:28","slug":"silifke-belediyesi-yeni-hizmet-binasi","status":"publish","type":"post","link":"https:\/\/mersingazetesi.com\/index.php\/2025\/07\/03\/silifke-belediyesi-yeni-hizmet-binasi\/","title":{"rendered":"S\u0130L\u0130FKE BELED\u0130YES\u0130  YEN\u0130 H\u0130ZMET B\u0130NASI!"},"content":{"rendered":"<div>Silifke Belediyesi&#8217;nin yeni Hizmet Binas\u0131, birka\u00e7 milyon n\u00fcfuslu herhangi bir b\u00fcy\u00fck\u015fehir belediyesine yetecek b\u00fcy\u00fckl\u00fcktedir.<\/div>\n<div>Bu Bina nas\u0131l kullan\u0131lacak bilmiyorum ama, Bina&#8217;n\u0131n tamam\u0131n\u0131 belediye hizmetlerinde kullanmak ak\u0131lc\u0131 ve ger\u00e7ek\u00e7i de\u011fildir. \u00c7\u00fcnk\u00fc bu kadar b\u00fcy\u00fck bir binan\u0131n \u0131s\u0131tma, ayd\u0131nlatma, temizlik, g\u00fcvenlik v.b. giderleri olduk\u00e7a masrafl\u0131d\u0131r. Zaten s\u0131k\u0131nt\u0131da olan Belediye&#8217;nin b\u00f6ylesine a\u011f\u0131r bir y\u00fck\u00fc \u00fcstlenmemesi laz\u0131m.<\/div>\n<div>B\u00f6yle bir y\u00fck\u00fc \u00fcstlenmesi halinde halka hizmet konusunda yetersiz kalaca\u011f\u0131 a\u015fikard\u0131r.<\/div>\n<div>En az\u0131ndan, yapmas\u0131 gereken hizmetlerden k\u0131s\u0131nt\u0131 yapaca\u011f\u0131 a\u015fikard\u0131r.<\/div>\n<div>Do\u011fru olan, bu Bina&#8217;n\u0131n Zemin Kat\u0131&#8217;n\u0131 kiraya vermektir. Silifke \u015eehir Merkezi&#8217;ndeki farkl\u0131 sekt\u00f6rlerde hizmet veren bir\u00e7ok esnaf buraya ta\u015f\u0131nabilir ve buras\u0131 bir grosmarket durumuna getirilebilir.<\/div>\n<div>Belediye&#8217;nin giri\u015fi \u00f6n kap\u0131dan olurken, d\u00fckkanlar\u0131n giri\u015fi arka(bat\u0131) taraftan verilebilir.<\/div>\n<div>Bu yolla \u015eehir Merkezi&#8217;ndeki kira ve trafik bask\u0131s\u0131 da azalt\u0131labilir.<\/div>\n<div>Ayr\u0131ca, vatanda\u015f almak istedi\u011fi her \u015feyi i\u011fneden ipli\u011fe kadar burada bulabilece\u011fi i\u00e7in, vatanda\u015fa kolayl\u0131k da sa\u011flanabilir. Dahas\u0131, b\u00f6yle bir d\u00fczenleme sonucu Belediye ciddi anlamda bir gelir de elde edebilir.<\/div>\n<div>Konu, Belediye&#8217;nin Yeni Hizmet Binas\u0131&#8217;ndan a\u00e7\u0131lm\u0131\u015fken, Silifke \u015eehir Merkezi&#8217;ndeki sorunlara da k\u0131saca de\u011finmek istiyorum. Silifke \u015eehir Merkezi&#8217;nde (ma\u015fallah!) bir \u015fehrin merkezinde olmamas\u0131 gereken ne varsa var!<\/div>\n<div>G\u00fcbre satan var, yem satan var, un satan var, in\u015faat malzemesi satan var, tar\u0131msal ara\u00e7, gere\u00e7 ve malzemeleri satan var, zirai ila\u00e7 satan var!<\/div>\n<div>K\u0131sacas\u0131, var o\u011flu var!<\/div>\n<div>Bir \u015fehrin merkezinde b\u00f6yle yerlerin olmamas\u0131 laz\u0131m. Belediye&#8217;ye d\u00fc\u015fen, bu gibi yerleri bir an \u00f6nce \u015eehrin d\u0131\u015f\u0131na ta\u015f\u0131mak ve \u015eehir Merkezi&#8217;ni rahatlatmakt\u0131r.<\/div>\n<div>Son olarak da Saya\u011fz\u0131 Yolu \u00fczerindeki Park&#8217;a (Demokrasi Park\u0131&#8217;na) ve bu Park&#8217;\u0131n yan taraf\u0131ndaki A\u011fa\u00e7land\u0131rma Alan\u0131&#8217;na de\u011finmek istiyorum.<\/div>\n<div>Bir kere, iki yol ortas\u0131nda park olmaz.<\/div>\n<div>\u00c7ukurun i\u00e7ine de a\u011fa\u00e7 dikilmez.<\/div>\n<div>\u015eiddetli bir ya\u011fmur ya\u011fmas\u0131 durumunda \u00e7ukurun i\u00e7indeki A\u011fa\u00e7land\u0131rma Alan\u0131 g\u00f6l olur ve (Allah korusun!) bir \u00e7ocuk d\u00fc\u015fse bo\u011fulur. Do\u011fru olan, bu \u00e7ukuru doldurmak ve \u00e7evresini g\u00fcvenli k\u0131larak s\u00f6z konusu park\u0131 buraya ta\u015f\u0131makt\u0131r. Haliyle Park&#8217;\u0131n Irmak Kenar&#8217;\u0131na ta\u015f\u0131nmas\u0131ndan sonra bo\u015falan park alan\u0131nda da yeni bir yol d\u00fczenlemesi yapmakt\u0131r.<\/div>\n<div>Konunun uzmanlar\u0131nca de\u011ferlendirilip, ilgililerince gere\u011finin yap\u0131laca\u011f\u0131na olan inanc\u0131mla Halk\u0131m\u0131za esenlik ve kolayl\u0131k diliyorum!<\/div>\n","protected":false},"excerpt":{"rendered":"<p>Silifke Belediyesi&#8217;nin yeni Hizmet Binas\u0131, birka\u00e7 milyon n\u00fcfuslu herhangi bir b\u00fcy\u00fck\u015fehir belediyesine yetecek b\u00fcy\u00fckl\u00fcktedir. Bu Bina nas\u0131l kullan\u0131lacak bilmiyorum ama, Bina&#8217;n\u0131n tamam\u0131n\u0131 belediye hizmetlerinde kullanmak ak\u0131lc\u0131 ve ger\u00e7ek\u00e7i de\u011fildir. \u00c7\u00fcnk\u00fc bu kadar b\u00fcy\u00fck bir binan\u0131n \u0131s\u0131tma, ayd\u0131nlatma, temizlik, g\u00fcvenlik v.b. giderleri olduk\u00e7a masrafl\u0131d\u0131r. Zaten s\u0131k\u0131nt\u0131da olan Belediye&#8217;nin b\u00f6ylesine a\u011f\u0131r bir y\u00fck\u00fc \u00fcstlenmemesi laz\u0131m. B\u00f6yle bir [&hellip;]<\/p>\n","protected":false},"author":14,"featured_media":100933,"comment_status":"open","ping_status":"open","sticky":false,"template":"","format":"standard","meta":{"footnotes":""},"categories":[47],"tags":[],"class_list":["post-101827","post","type-post","status-publish","format-standard","has-post-thumbnail","hentry","category-erdogan-serin"],"views":480,"_links":{"self":[{"href":"https:\/\/mersingazetesi.com\/index.php\/wp-json\/wp\/v2\/posts\/101827","targetHints":{"allow":["GET"]}}],"collection":[{"href":"https:\/\/mersingazetesi.com\/index.php\/wp-json\/wp\/v2\/posts"}],"about":[{"href":"https:\/\/mersingazetesi.com\/index.php\/wp-json\/wp\/v2\/types\/post"}],"author":[{"embeddable":true,"href":"https:\/\/mersingazetesi.com\/index.php\/wp-json\/wp\/v2\/users\/14"}],"replies":[{"embeddable":true,"href":"https:\/\/mersingazetesi.com\/index.php\/wp-json\/wp\/v2\/comments?post=101827"}],"version-history":[{"count":0,"href":"https:\/\/mersingazetesi.com\/index.php\/wp-json\/wp\/v2\/posts\/101827\/revisions"}],"wp:featuredmedia":[{"embeddable":true,"href":"https:\/\/mersingazetesi.com\/index.php\/wp-json\/wp\/v2\/media\/100933"}],"wp:attachment":[{"href":"https:\/\/mersingazetesi.com\/index.php\/wp-json\/wp\/v2\/media?parent=101827"}],"wp:term":[{"taxonomy":"category","embeddable":true,"href":"https:\/\/mersingazetesi.com\/index.php\/wp-json\/wp\/v2\/categories?post=101827"},{"taxonomy":"post_tag","embeddable":true,"href":"https:\/\/mersingazetesi.com\/index.php\/wp-json\/wp\/v2\/tags?post=101827"}],"curies":[{"name":"wp","href":"https:\/\/api.w.org\/{rel}","templated":true}]}}