{"id":101526,"date":"2025-06-30T15:11:23","date_gmt":"2025-06-30T12:11:23","guid":{"rendered":"https:\/\/mersingazetesi.com\/?p=101526"},"modified":"2025-06-30T15:11:23","modified_gmt":"2025-06-30T12:11:23","slug":"mersinde-oto-yikamacidaki-faciada-olu-sayisi-4e-yukseldi","status":"publish","type":"post","link":"https:\/\/mersingazetesi.com\/index.php\/2025\/06\/30\/mersinde-oto-yikamacidaki-faciada-olu-sayisi-4e-yukseldi\/","title":{"rendered":"Mersin\u2019de oto y\u0131kamac\u0131daki faciada \u00f6l\u00fc say\u0131s\u0131 4\u2019e y\u00fckseldi"},"content":{"rendered":"<p><strong class=\"searchword\">Mersin<\/strong>\u2019in merkez Toroslar il\u00e7esinde bir oto y\u0131kama d\u00fckkan\u0131nda meydana gelen olayda hayat\u0131n\u0131 kaybedenlerin say\u0131s\u0131 4\u2019e y\u00fckseldi. Gece saatlerinde ya\u015fanan olayda, \u00e7al\u0131\u015f\u0131r vaziyetteki otomobilin i\u00e7inde 3 gencin cans\u0131z bedeni bulunurken, bir gencin ise arac\u0131n yan\u0131nda \u00f6l\u00fc olarak bulundu\u011fu \u00f6\u011frenildi.<br \/>\nEdinilen bilgiye g\u00f6re, olay Sa\u011fl\u0131k Mahallesi\u2019nde bulunan oto y\u0131kama i\u015f yerinde meydana geldi. \u00c7ocuklar\u0131na ula\u015famayan ailelerin durumu bildirmesi \u00fczerine polis ekipleri, i\u015f yeri sahibi oldu\u011fu \u00f6\u011frenilen Arda G.\u2019ye (22) ait d\u00fckkana gitti. Kepengi kapal\u0131 olan i\u015f yerinden ara\u00e7 sesi geldi\u011fini fark eden ekipler, i\u00e7eri girdiklerinde otomobilin i\u00e7inde 3 gencin hareketsiz yatt\u0131\u011f\u0131n\u0131 g\u00f6rd\u00fc. \u0130\u015f yerinde ayr\u0131ca bir k\u00f6pe\u011fin de \u00f6l\u00fc oldu\u011fu belirlendi.<br \/>\nOlay yerine \u00e7a\u011fr\u0131lan sa\u011fl\u0131k ekiplerinin yapt\u0131\u011f\u0131 kontrollerde, otomobil i\u00e7erisinde bulunan gen\u00e7lerin hayat\u0131n\u0131 kaybetti\u011fi tespit edildi. Yap\u0131lan incelemede \u00f6len gen\u00e7lerin i\u015f yeri sahibi Arda G. (22), Yi\u011fithan U. (25) ve Abdulvahit B. (25) oldu\u011fu tespit edildi. \u00c7al\u0131\u015fmalar\u0131n devam\u0131nda ise arac\u0131n yan\u0131nda 18 ya\u015f\u0131ndaki Batuhan A.&#8217;n\u0131n da cans\u0131z bedeni bulundu.<br \/>\nGen\u00e7lerin cenazeleri, kesin \u00f6l\u00fcm nedenlerinin belirlenmesi i\u00e7in\u00a0<strong class=\"searchword\">Mersin<\/strong>\u00a0\u015eehir Hastanesi morguna kald\u0131r\u0131ld\u0131. Olay\u0131n ilk bulgulara g\u00f6re gaz zehirlenmesi sonucu meydana geldi\u011fi \u00fczerinde durulurken, kesin \u00f6l\u00fcm nedenlerinin yap\u0131lacak otopsi sonras\u0131 netle\u015fece\u011fi bildirildi.<br \/>\nOlayla ilgili soru\u015fturma s\u00fcr\u00fcyor.<\/p>\n","protected":false},"excerpt":{"rendered":"<p>Mersin\u2019in merkez Toroslar il\u00e7esinde bir oto y\u0131kama d\u00fckkan\u0131nda meydana gelen olayda hayat\u0131n\u0131 kaybedenlerin say\u0131s\u0131 4\u2019e y\u00fckseldi. Gece saatlerinde ya\u015fanan olayda, \u00e7al\u0131\u015f\u0131r vaziyetteki otomobilin i\u00e7inde 3 gencin cans\u0131z bedeni bulunurken, bir gencin ise arac\u0131n yan\u0131nda \u00f6l\u00fc olarak bulundu\u011fu \u00f6\u011frenildi. Edinilen bilgiye g\u00f6re, olay Sa\u011fl\u0131k Mahallesi\u2019nde bulunan oto y\u0131kama i\u015f yerinde meydana geldi. \u00c7ocuklar\u0131na ula\u015famayan ailelerin durumu [&hellip;]<\/p>\n","protected":false},"author":2,"featured_media":101527,"comment_status":"open","ping_status":"open","sticky":false,"template":"","format":"standard","meta":{"footnotes":""},"categories":[1],"tags":[],"class_list":["post-101526","post","type-post","status-publish","format-standard","has-post-thumbnail","hentry","category-gundem"],"views":432,"_links":{"self":[{"href":"https:\/\/mersingazetesi.com\/index.php\/wp-json\/wp\/v2\/posts\/101526","targetHints":{"allow":["GET"]}}],"collection":[{"href":"https:\/\/mersingazetesi.com\/index.php\/wp-json\/wp\/v2\/posts"}],"about":[{"href":"https:\/\/mersingazetesi.com\/index.php\/wp-json\/wp\/v2\/types\/post"}],"author":[{"embeddable":true,"href":"https:\/\/mersingazetesi.com\/index.php\/wp-json\/wp\/v2\/users\/2"}],"replies":[{"embeddable":true,"href":"https:\/\/mersingazetesi.com\/index.php\/wp-json\/wp\/v2\/comments?post=101526"}],"version-history":[{"count":0,"href":"https:\/\/mersingazetesi.com\/index.php\/wp-json\/wp\/v2\/posts\/101526\/revisions"}],"wp:featuredmedia":[{"embeddable":true,"href":"https:\/\/mersingazetesi.com\/index.php\/wp-json\/wp\/v2\/media\/101527"}],"wp:attachment":[{"href":"https:\/\/mersingazetesi.com\/index.php\/wp-json\/wp\/v2\/media?parent=101526"}],"wp:term":[{"taxonomy":"category","embeddable":true,"href":"https:\/\/mersingazetesi.com\/index.php\/wp-json\/wp\/v2\/categories?post=101526"},{"taxonomy":"post_tag","embeddable":true,"href":"https:\/\/mersingazetesi.com\/index.php\/wp-json\/wp\/v2\/tags?post=101526"}],"curies":[{"name":"wp","href":"https:\/\/api.w.org\/{rel}","templated":true}]}}