{"id":101432,"date":"2025-06-29T14:47:42","date_gmt":"2025-06-29T11:47:42","guid":{"rendered":"https:\/\/mersingazetesi.com\/?p=101432"},"modified":"2025-06-29T14:47:42","modified_gmt":"2025-06-29T11:47:42","slug":"bay-kemal","status":"publish","type":"post","link":"https:\/\/mersingazetesi.com\/index.php\/2025\/06\/29\/bay-kemal\/","title":{"rendered":"BAY KEMAL!"},"content":{"rendered":"<div dir=\"ltr\">Siyaseten:<br \/>\nYeterli de\u011filsin.<br \/>\nYetenekli de\u011filsin.<br \/>\nYetkin de\u011filsin.<br \/>\nBecerikli de\u011filsin.<br \/>\nKavray\u0131\u015fl\u0131 de\u011filsin.<br \/>\n\u00c7al\u0131\u015fkan de\u011filsin.<br \/>\n\u00dcretken de\u011filsin.<br \/>\n\u0130lkeli de\u011filsin.<br \/>\nTutarl\u0131 de\u011filsin.<br \/>\n\u00d6l\u00e7\u00fcl\u00fc de\u011filsin.<br \/>\nDengeli de\u011filsin.<br \/>\nGer\u00e7ek\u00e7i de\u011filsin.<br \/>\n\u00d6ng\u00f6r\u00fcl\u00fc de\u011filsin.<br \/>\n\u00d6n al\u0131c\u0131 de\u011filsin.<br \/>\nSa\u011fduyulu de\u011filsin.<br \/>\nSa\u011f g\u00f6r\u00fcl\u00fc de\u011filsin.<br \/>\nKararl\u0131 de\u011filsin.<br \/>\nCesaretli de\u011filsin.<br \/>\n\u0130nand\u0131r\u0131c\u0131 de\u011filsin.<br \/>\nG\u00fcvenilir de\u011filsin.<br \/>\nVefal\u0131 de\u011filsin.<br \/>\n\u00d6rg\u00fct\u00e7\u00fc de\u011filsin.<br \/>\nHatip de\u011filsin.<br \/>\nS\u00fcr\u00fckleyici de\u011filsin.<br \/>\nKand\u0131r\u0131lmaya elveri\u015flisin.<br \/>\nKullan\u0131lmaya elveri\u015flisin.<br \/>\nSaplant\u0131l\u0131 birisin.<br \/>\n\u0130htirasl\u0131 birisin.<br \/>\nB\u00fct\u00fcn bu vas\u0131flar\u0131ndan(!) dolay\u0131 da girdi\u011fin b\u00fct\u00fcn se\u00e7imleri kaybetmi\u015fsin.<\/div>\n<div dir=\"ltr\">Bu anlay\u0131\u015f\u0131nla bin se\u00e7ime daha girsen gene kaybedersin.<\/div>\n<div dir=\"ltr\">Art\u0131k bu Parti&#8217;nin de bu Millet&#8217;in de sana tahamm\u00fcl\u00fc yok.<\/div>\n<div dir=\"ltr\">\u00c7\u00fcnk\u00fc yerinde sayd\u0131rd\u0131\u011f\u0131n partiyi \u015faha kald\u0131ranlara ayak ba\u011f\u0131 oluyorsun ve \u00dclkenin de \u00f6n\u00fcn\u00fc t\u0131k\u0131yorsun!<\/div>\n<div dir=\"ltr\">Unutma!<\/div>\n<div dir=\"ltr\">Sen art\u0131k kendi cenah\u0131nda da Bay Kemal&#8217;sin ve partisinden d\u0131\u015flanm\u0131\u015f muhteris bir genel ba\u015fkan olarak tarihe ge\u00e7eceksin!<\/div>\n<div dir=\"ltr\"><\/div>\n<div dir=\"ltr\">\u00d6ZL\u00dc S\u00d6ZLER\u0130M<\/div>\n<div dir=\"ltr\"><\/div>\n<div dir=\"ltr\">Kime verdin yani yine duvar yap\u0131lacak duvar olarak \u00e7\u0131karabiliyor. AKP&#8217;nin YSK Temsilcisi yap\u0131lan i\u015flem hukuksuz diyor, CHP&#8217;nin YSK Temsilcisi&#8217;nin sesi, solu\u011fu \u00e7\u0131km\u0131yor.<\/div>\n<div dir=\"ltr\">Bu nas\u0131l bir i\u015f anlamad\u0131m?!<\/div>\n<div dir=\"ltr\"><\/div>\n<div dir=\"ltr\">\u00a0 \u00a0 \u00a0 \u00a0 \u00a0 \u00a0M\u0130KROP<\/div>\n<div dir=\"ltr\"><\/div>\n<div dir=\"ltr\">Mikrop: Mayalanmaya, hastalanmaya, bozulmaya ve \u00e7\u00fcr\u00fcmeye yol a\u00e7an tek g\u00f6zeli canl\u0131d\u0131r.<br \/>\nBir b\u00fcnyede mikrop varsa, do\u011fru olan o mikroptan bir an \u00f6nce ar\u0131nmakt\u0131r. \u00c7\u00fcnk\u00fc mikroptan ar\u0131nan bir b\u00fcnye sa\u011fl\u0131kl\u0131 ve g\u00fc\u00e7l\u00fc olur.<\/div>\n","protected":false},"excerpt":{"rendered":"<p>Siyaseten: Yeterli de\u011filsin. Yetenekli de\u011filsin. Yetkin de\u011filsin. Becerikli de\u011filsin. Kavray\u0131\u015fl\u0131 de\u011filsin. \u00c7al\u0131\u015fkan de\u011filsin. \u00dcretken de\u011filsin. \u0130lkeli de\u011filsin. Tutarl\u0131 de\u011filsin. \u00d6l\u00e7\u00fcl\u00fc de\u011filsin. Dengeli de\u011filsin. Ger\u00e7ek\u00e7i de\u011filsin. \u00d6ng\u00f6r\u00fcl\u00fc de\u011filsin. \u00d6n al\u0131c\u0131 de\u011filsin. Sa\u011fduyulu de\u011filsin. Sa\u011f g\u00f6r\u00fcl\u00fc de\u011filsin. Kararl\u0131 de\u011filsin. Cesaretli de\u011filsin. \u0130nand\u0131r\u0131c\u0131 de\u011filsin. G\u00fcvenilir de\u011filsin. Vefal\u0131 de\u011filsin. \u00d6rg\u00fct\u00e7\u00fc de\u011filsin. Hatip de\u011filsin. S\u00fcr\u00fckleyici de\u011filsin. Kand\u0131r\u0131lmaya elveri\u015flisin. Kullan\u0131lmaya elveri\u015flisin. [&hellip;]<\/p>\n","protected":false},"author":14,"featured_media":100933,"comment_status":"open","ping_status":"open","sticky":false,"template":"","format":"standard","meta":{"footnotes":""},"categories":[47],"tags":[],"class_list":["post-101432","post","type-post","status-publish","format-standard","has-post-thumbnail","hentry","category-erdogan-serin"],"views":577,"_links":{"self":[{"href":"https:\/\/mersingazetesi.com\/index.php\/wp-json\/wp\/v2\/posts\/101432","targetHints":{"allow":["GET"]}}],"collection":[{"href":"https:\/\/mersingazetesi.com\/index.php\/wp-json\/wp\/v2\/posts"}],"about":[{"href":"https:\/\/mersingazetesi.com\/index.php\/wp-json\/wp\/v2\/types\/post"}],"author":[{"embeddable":true,"href":"https:\/\/mersingazetesi.com\/index.php\/wp-json\/wp\/v2\/users\/14"}],"replies":[{"embeddable":true,"href":"https:\/\/mersingazetesi.com\/index.php\/wp-json\/wp\/v2\/comments?post=101432"}],"version-history":[{"count":0,"href":"https:\/\/mersingazetesi.com\/index.php\/wp-json\/wp\/v2\/posts\/101432\/revisions"}],"wp:featuredmedia":[{"embeddable":true,"href":"https:\/\/mersingazetesi.com\/index.php\/wp-json\/wp\/v2\/media\/100933"}],"wp:attachment":[{"href":"https:\/\/mersingazetesi.com\/index.php\/wp-json\/wp\/v2\/media?parent=101432"}],"wp:term":[{"taxonomy":"category","embeddable":true,"href":"https:\/\/mersingazetesi.com\/index.php\/wp-json\/wp\/v2\/categories?post=101432"},{"taxonomy":"post_tag","embeddable":true,"href":"https:\/\/mersingazetesi.com\/index.php\/wp-json\/wp\/v2\/tags?post=101432"}],"curies":[{"name":"wp","href":"https:\/\/api.w.org\/{rel}","templated":true}]}}