{"id":101328,"date":"2025-06-27T11:01:06","date_gmt":"2025-06-27T08:01:06","guid":{"rendered":"https:\/\/mersingazetesi.com\/?p=101328"},"modified":"2025-06-27T13:01:35","modified_gmt":"2025-06-27T10:01:35","slug":"terorsuz-turkiye-2","status":"publish","type":"post","link":"https:\/\/mersingazetesi.com\/index.php\/2025\/06\/27\/terorsuz-turkiye-2\/","title":{"rendered":"TER\u00d6RS\u00dcZ T\u00dcRK\u0130YE!"},"content":{"rendered":"<p>Ter\u00f6rs\u00fcz T\u00fcrkiye denilen s\u00fcrece, ak\u0131l ve ruh sa\u011fl\u0131\u011f\u0131 yerinde olan hi\u00e7bir yurtta\u015f\u0131m\u0131z kar\u015f\u0131 \u00e7\u0131kmaz. Kar\u015f\u0131 \u00e7\u0131kmak i\u00e7in ya ak\u0131ldan noksan olmak ya da bu \u00fclkeye d\u00fc\u015fman olmak laz\u0131m. \u00c7\u00fcnk\u00fc her insan kendi \u00fclkesinde huzur ve g\u00fcven i\u00e7inde ya\u015famak ister.<br \/>\nBunu sadece kendisi i\u00e7in istemez, \u00fclkesinde ya\u015fayan ya da \u00fclkesini ziyarete gelen yabanc\u0131lar i\u00e7in de ister. Misafirler i\u00e7in de ister yani. Ancak, vatan\u0131n\u0131 ve milletini seven hi\u00e7bir yurtta\u015f\u0131m\u0131z, Suriye&#8217;nin kuzeydo\u011fusundaki PYD\/YPG yap\u0131lanmas\u0131n\u0131 da kabul etmez.<br \/>\n\u00c7\u00fcnk\u00fc bu yap\u0131lanma, Sevr&#8217;i canland\u0131rmaya d\u00f6n\u00fck emperyalist projenin Suriye aya\u011f\u0131d\u0131r.<br \/>\nDaha a\u00e7\u0131k bir ifadeyle, Sevr&#8217;in g\u00fcncellenmi\u015f hali olan ve &#8216;B\u00fcy\u00fck Ortado\u011fu Projesi&#8217; denilen emperyalist projenin Irak&#8217;tan sonraki ikinci aya\u011f\u0131d\u0131r.<br \/>\nBuradaki yap\u0131lanma kal\u0131c\u0131 oldu\u011fu s\u00fcrece, g\u00fcney s\u0131n\u0131r\u0131m\u0131z ve dolay\u0131s\u0131yla \u00fclkemiz g\u00fcvende olmaz.<br \/>\nTer\u00f6rs\u00fcz T\u00fcrkiye diyenlerin bu ger\u00e7e\u011fi g\u00f6rmeleri ve PYD\/YPG&#8217;nin silah b\u0131rakmama konusundaki kararl\u0131l\u0131\u011f\u0131 kar\u015f\u0131s\u0131nda suskun kalmamalar\u0131 laz\u0131m.<br \/>\nSuskun kalmak ya da bu yap\u0131y\u0131 SDG (Suriye Demokratik G\u00fc\u00e7leri) ad\u0131 alt\u0131nda masumla\u015ft\u0131rmak, ABD beslemesi bu ter\u00f6rist yap\u0131y\u0131 kabullenmek ve Suriye&#8217;nin b\u00f6l\u00fcn\u00fcp par\u00e7alanmas\u0131na g\u00f6z yummak demektir.<br \/>\nBu yap\u0131n\u0131n \u00f6zerk ya da federal bir bi\u00e7imde devletle\u015fmesi durumunda, s\u0131ran\u0131n \u00f6nce \u0130ran&#8217;a, sonra da T\u00fcrkiye&#8217;ye gelece\u011fi bilinmeli ve \u00fcniter bir Suriye i\u00e7in ne yap\u0131lmas\u0131 gerekiyorsa yap\u0131lmal\u0131d\u0131r.<br \/>\nAksi halde, s\u0131ran\u0131n d\u00f6n\u00fcp dola\u015f\u0131p bize gelece\u011fi unutulmamal\u0131d\u0131r.<\/p>\n","protected":false},"excerpt":{"rendered":"<p>Ter\u00f6rs\u00fcz T\u00fcrkiye denilen s\u00fcrece, ak\u0131l ve ruh sa\u011fl\u0131\u011f\u0131 yerinde olan hi\u00e7bir yurtta\u015f\u0131m\u0131z kar\u015f\u0131 \u00e7\u0131kmaz. Kar\u015f\u0131 \u00e7\u0131kmak i\u00e7in ya ak\u0131ldan noksan olmak ya da bu \u00fclkeye d\u00fc\u015fman olmak laz\u0131m. \u00c7\u00fcnk\u00fc her insan kendi \u00fclkesinde huzur ve g\u00fcven i\u00e7inde ya\u015famak ister. Bunu sadece kendisi i\u00e7in istemez, \u00fclkesinde ya\u015fayan ya da \u00fclkesini ziyarete gelen yabanc\u0131lar i\u00e7in de ister. [&hellip;]<\/p>\n","protected":false},"author":14,"featured_media":100933,"comment_status":"open","ping_status":"open","sticky":false,"template":"","format":"standard","meta":{"footnotes":""},"categories":[47],"tags":[],"class_list":["post-101328","post","type-post","status-publish","format-standard","has-post-thumbnail","hentry","category-erdogan-serin"],"views":342,"_links":{"self":[{"href":"https:\/\/mersingazetesi.com\/index.php\/wp-json\/wp\/v2\/posts\/101328","targetHints":{"allow":["GET"]}}],"collection":[{"href":"https:\/\/mersingazetesi.com\/index.php\/wp-json\/wp\/v2\/posts"}],"about":[{"href":"https:\/\/mersingazetesi.com\/index.php\/wp-json\/wp\/v2\/types\/post"}],"author":[{"embeddable":true,"href":"https:\/\/mersingazetesi.com\/index.php\/wp-json\/wp\/v2\/users\/14"}],"replies":[{"embeddable":true,"href":"https:\/\/mersingazetesi.com\/index.php\/wp-json\/wp\/v2\/comments?post=101328"}],"version-history":[{"count":0,"href":"https:\/\/mersingazetesi.com\/index.php\/wp-json\/wp\/v2\/posts\/101328\/revisions"}],"wp:featuredmedia":[{"embeddable":true,"href":"https:\/\/mersingazetesi.com\/index.php\/wp-json\/wp\/v2\/media\/100933"}],"wp:attachment":[{"href":"https:\/\/mersingazetesi.com\/index.php\/wp-json\/wp\/v2\/media?parent=101328"}],"wp:term":[{"taxonomy":"category","embeddable":true,"href":"https:\/\/mersingazetesi.com\/index.php\/wp-json\/wp\/v2\/categories?post=101328"},{"taxonomy":"post_tag","embeddable":true,"href":"https:\/\/mersingazetesi.com\/index.php\/wp-json\/wp\/v2\/tags?post=101328"}],"curies":[{"name":"wp","href":"https:\/\/api.w.org\/{rel}","templated":true}]}}