{"id":101158,"date":"2025-06-25T13:57:02","date_gmt":"2025-06-25T10:57:02","guid":{"rendered":"https:\/\/mersingazetesi.com\/?p=101158"},"modified":"2025-06-25T16:57:30","modified_gmt":"2025-06-25T13:57:30","slug":"eskiye-ragbet-olsaydi-bit-pazarina-nur-yagardi","status":"publish","type":"post","link":"https:\/\/mersingazetesi.com\/index.php\/2025\/06\/25\/eskiye-ragbet-olsaydi-bit-pazarina-nur-yagardi\/","title":{"rendered":"&#8220;ESK\u0130YE RA\u011eBET OLSAYDI B\u0130T PAZARINA NUR YA\u011eARDI!&#8221;"},"content":{"rendered":"<div>Bir genel ba\u015fkan d\u00fc\u015f\u00fcn\u00fcn ki, genel ba\u015fkanl\u0131\u011f\u0131 s\u00fcresince girdi\u011fi b\u00fct\u00fcn se\u00e7imleri kaybetmi\u015f.<\/div>\n<div>Hem de a\u00e7\u0131k ara kaybetmi\u015f. On \u00fc\u00e7 y\u0131l boyunca, ba\u015f\u0131nda bulundu\u011fu partinin oyunu bir puan bile art\u0131ramam\u0131\u015f. P\u0131rlanta gibi yol arkada\u015flar\u0131 varken, bu arkada\u015flar\u0131n\u0131 bir kenara itip, dev\u015firmecili\u011fe soyunmu\u015f ve dev\u015firdikleri taraf\u0131ndan da s\u00fcrekli han\u00e7erlenmi\u015f.<\/div>\n<div>Sadece kendisi han\u00e7erlenmemi\u015f, ba\u015f\u0131nda bulundu\u011fu partiye g\u00f6n\u00fcl veren milyonlar\u0131n han\u00e7erlenmesine de sebebiyet vermi\u015f.<\/div>\n<div>Bununla da yetinmemi\u015f, s\u0131rf cumhurba\u015fkan\u0131 olabilmek i\u00e7in gizli, kapakl\u0131 i\u015fler \u00e7evirip pazarl\u0131klar yapm\u0131\u015f.<\/div>\n<div>B\u00fct\u00fcn bunlara ra\u011fmen, bildi\u011fini okumaktan da geri durmam\u0131\u015f.<\/div>\n<div>Bir zaman gelmi\u015f, ma\u011fdurlar\u0131 milletvekili yapmay\u0131 marifet sanm\u0131\u015f.<\/div>\n<div>Bir zaman gelmi\u015f, kerameti kendinden menkul paral\u0131 dan\u0131\u015fmanlar tutup, onlardan ak\u0131l alma gafletine d\u00fc\u015fm\u00fc\u015f. Bir zaman gelmi\u015f, a\u011fz\u0131 laf yapan evet efendimcileri ve eyyamc\u0131lar\u0131 etraf\u0131nda toplay\u0131p, partiye umut ba\u011flayan milyonlar\u0131n umudunu \u00e7alm\u0131\u015f.<\/div>\n<div>Bir zaman gelmi\u015f, dev\u015firmecilikten ve dev\u015firdiklerinden medet ummu\u015f.<\/div>\n<div>Sonra da kalk\u0131p &#8220;Beni s\u0131rt\u0131mdan han\u00e7erlediler!&#8221; diyerek kendi partililerini su\u00e7lam\u0131\u015f.<\/div>\n<div>Bunu yaparken de zerre kadar utan\u0131p s\u0131k\u0131lmam\u0131\u015f.<\/div>\n<div>Bu kadar a\u00e7\u0131k ve net s\u00f6yl\u00fcyorum!<\/div>\n<div>Kemal K\u0131l\u0131\u00e7daro\u011flu bu partinin ba\u015f\u0131na gelmi\u015f en yetersiz ve en yeteneksiz siyaset\u00e7idir.<\/div>\n<div>Sadece yetersiz ve yeteneksiz de\u011fil, bir o kadar da beceriksizdir.<\/div>\n<div>T\u00fcrk siyasetinde, Kemal K\u0131l\u0131\u00e7daro\u011flu kadar yetersiz, yeteneksiz ve beceriksiz olup da parti genel ba\u015fkanl\u0131\u011f\u0131 yapm\u0131\u015f ba\u015fka bir siyaset\u00e7i yoktur herhalde?!<\/div>\n<div>Bu g\u00fczel \u00fclkeye g\u00f6n\u00fcl ba\u011f\u0131yla ba\u011fl\u0131 bir yurtta\u015f olarak, ben \u015fahsen, Kemal K\u0131l\u0131\u00e7daro\u011flu&#8217;nun hi\u00e7bir \u015feyine kefil olmam.<\/div>\n<div>Eskiden d\u00fcr\u00fcstl\u00fc\u011f\u00fcne kefil olurdum, fakat f\u0131rsat\u00e7\u0131l\u0131\u011f\u0131n\u0131 g\u00f6rd\u00fckten sonra ona da kefil olmam.<\/div>\n<div>B\u00f6ylesine yetersiz, yeteneksiz ve beceriksiz birinin, de\u011fil \u00fclkemi y\u00f6netme mevki ve sorumlulu\u011funda olmas\u0131n\u0131, hi\u00e7bir partinin ba\u015f\u0131nda olmas\u0131n\u0131 da istemem.<\/div>\n<div>\u00c7\u00fcnk\u00fc Kemal K\u0131l\u0131\u00e7daro\u011flu gibilerinin T\u00fcrk siyasetine verebilece\u011fi hi\u00e7bir \u015fey yoktur.<\/div>\n<div>G\u00fczel \u00fclkemize ve halk\u0131m\u0131za verebilece\u011fi bir \u015fey zaten yoktur.<\/div>\n<div>Belli ki, partililer bu y\u00fczden koltu\u011funu alt\u0131ndan ald\u0131lar.<\/div>\n<div>O koltu\u011fu alt\u0131ndan ald\u0131ktan sonra da partilerinde nas\u0131l bir oy patlamas\u0131 ya\u015fand\u0131\u011f\u0131n\u0131 g\u00f6rd\u00fcler.<\/div>\n<div>Bunu g\u00f6ren ve ya\u015fayan bir partili, \u00a0Kemal K\u0131l\u0131\u00e7daro\u011flu&#8217;na pirim de vermez, itibar da etmez.<\/div>\n","protected":false},"excerpt":{"rendered":"<p>Bir genel ba\u015fkan d\u00fc\u015f\u00fcn\u00fcn ki, genel ba\u015fkanl\u0131\u011f\u0131 s\u00fcresince girdi\u011fi b\u00fct\u00fcn se\u00e7imleri kaybetmi\u015f. Hem de a\u00e7\u0131k ara kaybetmi\u015f. On \u00fc\u00e7 y\u0131l boyunca, ba\u015f\u0131nda bulundu\u011fu partinin oyunu bir puan bile art\u0131ramam\u0131\u015f. P\u0131rlanta gibi yol arkada\u015flar\u0131 varken, bu arkada\u015flar\u0131n\u0131 bir kenara itip, dev\u015firmecili\u011fe soyunmu\u015f ve dev\u015firdikleri taraf\u0131ndan da s\u00fcrekli han\u00e7erlenmi\u015f. Sadece kendisi han\u00e7erlenmemi\u015f, ba\u015f\u0131nda bulundu\u011fu partiye g\u00f6n\u00fcl veren [&hellip;]<\/p>\n","protected":false},"author":14,"featured_media":100933,"comment_status":"open","ping_status":"open","sticky":false,"template":"","format":"standard","meta":{"footnotes":""},"categories":[47],"tags":[],"class_list":["post-101158","post","type-post","status-publish","format-standard","has-post-thumbnail","hentry","category-erdogan-serin"],"views":418,"_links":{"self":[{"href":"https:\/\/mersingazetesi.com\/index.php\/wp-json\/wp\/v2\/posts\/101158","targetHints":{"allow":["GET"]}}],"collection":[{"href":"https:\/\/mersingazetesi.com\/index.php\/wp-json\/wp\/v2\/posts"}],"about":[{"href":"https:\/\/mersingazetesi.com\/index.php\/wp-json\/wp\/v2\/types\/post"}],"author":[{"embeddable":true,"href":"https:\/\/mersingazetesi.com\/index.php\/wp-json\/wp\/v2\/users\/14"}],"replies":[{"embeddable":true,"href":"https:\/\/mersingazetesi.com\/index.php\/wp-json\/wp\/v2\/comments?post=101158"}],"version-history":[{"count":0,"href":"https:\/\/mersingazetesi.com\/index.php\/wp-json\/wp\/v2\/posts\/101158\/revisions"}],"wp:featuredmedia":[{"embeddable":true,"href":"https:\/\/mersingazetesi.com\/index.php\/wp-json\/wp\/v2\/media\/100933"}],"wp:attachment":[{"href":"https:\/\/mersingazetesi.com\/index.php\/wp-json\/wp\/v2\/media?parent=101158"}],"wp:term":[{"taxonomy":"category","embeddable":true,"href":"https:\/\/mersingazetesi.com\/index.php\/wp-json\/wp\/v2\/categories?post=101158"},{"taxonomy":"post_tag","embeddable":true,"href":"https:\/\/mersingazetesi.com\/index.php\/wp-json\/wp\/v2\/tags?post=101158"}],"curies":[{"name":"wp","href":"https:\/\/api.w.org\/{rel}","templated":true}]}}