{"id":100872,"date":"2025-06-22T10:02:34","date_gmt":"2025-06-22T07:02:34","guid":{"rendered":"https:\/\/mersingazetesi.com\/?p=100872"},"modified":"2025-06-22T10:02:34","modified_gmt":"2025-06-22T07:02:34","slug":"ic-cephe-ve-beka-meselesi","status":"publish","type":"post","link":"https:\/\/mersingazetesi.com\/index.php\/2025\/06\/22\/ic-cephe-ve-beka-meselesi\/","title":{"rendered":"\u0130\u00c7 CEPHE VE BEKA MESELES\u0130!"},"content":{"rendered":"<div dir=\"auto\">Bu \u00dclke&#8217;nin bekas\u0131 hamasi nutuklar atmaktan ge\u00e7mez. Siyasi ikbal u\u011fruna toplumu ayr\u0131\u015ft\u0131rmaktan, \u00f6tekile\u015ftirmekten ve kutupla\u015ft\u0131rmaktan da ge\u00e7mez.<\/div>\n<div dir=\"auto\">Bu \u00dclke&#8217;nin bekas\u0131 i\u00e7 cepheyi g\u00fc\u00e7l\u00fc ve sa\u011flam tutmaktan ge\u00e7er.<\/div>\n<div dir=\"auto\">Bunun da yolu demokrasiden, laiklikten ve sosyal bir hukuk devleti olmaktan ge\u00e7er.<\/div>\n<div dir=\"auto\">\u0130nsan hak ve \u00f6zg\u00fcrl\u00fckleri ile bas\u0131n ve medya \u00f6zg\u00fcrl\u00fc\u011f\u00fcne sayg\u0131dan ge\u00e7er.<\/div>\n<div dir=\"auto\">Nitekim Anayasam\u0131z da, devletin temel nitelikleri olarak bu hususlara vurgu yapar.<\/div>\n<div dir=\"auto\">Ancak, bizdeki demokrasi ger\u00e7ek anlamda bir demokrasi de\u011fildir.<\/div>\n<div dir=\"auto\">\u00c7\u00fcnk\u00fc evrensel norm ve standartlara sahip de\u011fildir. Bizdeki laiklik de ger\u00e7ek anlamda bir laiklik de\u011fildir. En az\u0131ndan, bug\u00fcnk\u00fc pratik b\u00f6yle olmad\u0131\u011f\u0131n\u0131 g\u00f6stermektedir. Sosyal bir hukuk devleti olmad\u0131\u011f\u0131m\u0131z da gelir da\u011f\u0131l\u0131m\u0131 adaletsizli\u011finden ve hayat\u0131n her alan\u0131ndaki haks\u0131zl\u0131klardan ve hukuksuzluklardan bellidir. \u00dclke olarak beka kayg\u0131s\u0131 ya\u015famak istemiyorsak, Cumhuriyetimizi (en geni\u015f anlamda) bu d\u00f6rt hususla ta\u00e7land\u0131rmak ve akl\u0131 ve bilimi rehber edinmek durumunday\u0131z.<\/div>\n<div dir=\"auto\">Bu niteliklerden uzakla\u015fan bir T\u00fcrkiye, s\u0131radan bir Ortado\u011fu \u00fclkesi olmaya ve beka kayg\u0131s\u0131 ya\u015famaya mahkumdur.<\/div>\n<div dir=\"auto\">Oysa ki, T\u00fcrkiye&#8217;nin ger\u00e7ek yeri medeni d\u00fcnyad\u0131r ve an itibariyle medeni d\u00fcnyay\u0131 da, oda\u011f\u0131nda Almanya, Fransa, \u0130talya ve \u0130spanya&#8217;n\u0131n oldu\u011fu Avrupa Birli\u011fi \u00dclkeleri ve \u0130ngiltere temsil etmektedir. \u00dclkemizi y\u00f6netme mevki ve sorumlulu\u011funda olan siyasilerin bu ger\u00e7e\u011fi g\u00f6rmeleri ve Avrupa Birli\u011fi s\u00fcrecine geri d\u00f6nmeleri \u015fart. Ortado\u011fulu bir \u00fclke pozisyonunda olmak, Halk\u0131m\u0131z\u0131n iyili\u011fine ve esenli\u011fine de\u011fildir.<\/div>\n<div dir=\"auto\"><\/div>\n<div dir=\"auto\">\u00a0 \u00a0 \u00a0 \u00a0 \u00a0 \u00a0 \u00a0\u00d6ZL\u00dc S\u00d6ZLER\u0130M<\/div>\n<div dir=\"auto\"><\/div>\n<div dir=\"auto\">&#8211; &#8220;Ulusal bilin\u00e7 yaratamayan toplumlar beka kayg\u0131s\u0131 ya\u015famaya mahkumdurlar.&#8221;<\/div>\n<div dir=\"auto\"><\/div>\n<div dir=\"auto\"><\/div>\n<div dir=\"auto\">&#8211; &#8220;Siyasal sistemi demokratik ve \u00f6zg\u00fcrl\u00fck\u00e7\u00fc olmayan, ekonomik ve sosyal sistemi \u00fcretime ve hak\u00e7a payla\u015f\u0131ma dayanmayan, e\u011fitim ve k\u00fclt\u00fcrel sistemi bilim, sanat ve edebiyat yaratmayan, hukuk sistemi adalet \u00fcretmeyen bir \u00fclke, medeni \u00fclke olma vasf\u0131ndan yoksundur.&#8221;<\/div>\n<div dir=\"auto\"><\/div>\n<div dir=\"auto\"><\/div>\n<div dir=\"auto\">&#8211; &#8220;Bir \u00fclke i\u00e7in en b\u00fcy\u00fck israf, iyi yeti\u015fmi\u015f gen\u00e7 insan g\u00fcc\u00fcn\u00fc at\u0131l durumda tutmakt\u0131r.&#8221;<\/div>\n<div dir=\"auto\"><\/div>\n<div dir=\"auto\"><\/div>\n<div dir=\"auto\">&#8211; &#8220;Bir \u00fclkeyi g\u00fc\u00e7l\u00fc ve g\u00fcvenli k\u0131lan \u015fey, d\u00fc\u015fman ve d\u00fc\u015fmanl\u0131k yaratmayan e\u011fitim, \u00fcretim, y\u00f6netim, payla\u015f\u0131m ve adalet sistemidir.&#8221;<\/div>\n<div dir=\"auto\"><\/div>\n<div dir=\"auto\"><\/div>\n<div dir=\"auto\">&#8211; &#8220;Toplumsal bilin\u00e7 yaratamayan toplumlar beka kayg\u0131s\u0131 ya\u015famaya mahkumdurlar.&#8221;<\/div>\n","protected":false},"excerpt":{"rendered":"<p>Bu \u00dclke&#8217;nin bekas\u0131 hamasi nutuklar atmaktan ge\u00e7mez. Siyasi ikbal u\u011fruna toplumu ayr\u0131\u015ft\u0131rmaktan, \u00f6tekile\u015ftirmekten ve kutupla\u015ft\u0131rmaktan da ge\u00e7mez. Bu \u00dclke&#8217;nin bekas\u0131 i\u00e7 cepheyi g\u00fc\u00e7l\u00fc ve sa\u011flam tutmaktan ge\u00e7er. Bunun da yolu demokrasiden, laiklikten ve sosyal bir hukuk devleti olmaktan ge\u00e7er. \u0130nsan hak ve \u00f6zg\u00fcrl\u00fckleri ile bas\u0131n ve medya \u00f6zg\u00fcrl\u00fc\u011f\u00fcne sayg\u0131dan ge\u00e7er. Nitekim Anayasam\u0131z da, devletin temel [&hellip;]<\/p>\n","protected":false},"author":14,"featured_media":98746,"comment_status":"open","ping_status":"open","sticky":false,"template":"","format":"standard","meta":{"footnotes":""},"categories":[47],"tags":[],"class_list":["post-100872","post","type-post","status-publish","format-standard","has-post-thumbnail","hentry","category-erdogan-serin"],"views":406,"_links":{"self":[{"href":"https:\/\/mersingazetesi.com\/index.php\/wp-json\/wp\/v2\/posts\/100872","targetHints":{"allow":["GET"]}}],"collection":[{"href":"https:\/\/mersingazetesi.com\/index.php\/wp-json\/wp\/v2\/posts"}],"about":[{"href":"https:\/\/mersingazetesi.com\/index.php\/wp-json\/wp\/v2\/types\/post"}],"author":[{"embeddable":true,"href":"https:\/\/mersingazetesi.com\/index.php\/wp-json\/wp\/v2\/users\/14"}],"replies":[{"embeddable":true,"href":"https:\/\/mersingazetesi.com\/index.php\/wp-json\/wp\/v2\/comments?post=100872"}],"version-history":[{"count":0,"href":"https:\/\/mersingazetesi.com\/index.php\/wp-json\/wp\/v2\/posts\/100872\/revisions"}],"wp:featuredmedia":[{"embeddable":true,"href":"https:\/\/mersingazetesi.com\/index.php\/wp-json\/wp\/v2\/media\/98746"}],"wp:attachment":[{"href":"https:\/\/mersingazetesi.com\/index.php\/wp-json\/wp\/v2\/media?parent=100872"}],"wp:term":[{"taxonomy":"category","embeddable":true,"href":"https:\/\/mersingazetesi.com\/index.php\/wp-json\/wp\/v2\/categories?post=100872"},{"taxonomy":"post_tag","embeddable":true,"href":"https:\/\/mersingazetesi.com\/index.php\/wp-json\/wp\/v2\/tags?post=100872"}],"curies":[{"name":"wp","href":"https:\/\/api.w.org\/{rel}","templated":true}]}}