{"id":100377,"date":"2025-06-15T10:40:21","date_gmt":"2025-06-15T07:40:21","guid":{"rendered":"https:\/\/mersingazetesi.com\/?p=100377"},"modified":"2025-06-15T10:40:21","modified_gmt":"2025-06-15T07:40:21","slug":"siyasette-bohurlesmek","status":"publish","type":"post","link":"https:\/\/mersingazetesi.com\/index.php\/2025\/06\/15\/siyasette-bohurlesmek\/","title":{"rendered":"S\u0130YASETTE B\u00d6H\u00dcRLE\u015eMEK!"},"content":{"rendered":"<div dir=\"ltr\">Kat\u0131ld\u0131\u011f\u0131 bir televizyon program\u0131nda, ekrandaki alt yaz\u0131ya kan\u0131p, halen tutuklu bulunan Gaziosmanpa\u015fa Belediye Ba\u015fkan\u0131 Hakan Bah\u00e7etepe&#8217;nin AK Parti&#8217;ye ge\u00e7ti\u011fini sanan ve bunun \u00fczerinden bir tak\u0131m yorumlarda bulunarak &#8220;Hakan Bey&#8217;e ho\u015f geldiniz diyorum!&#8221; diyen AK Parti Kayseri Milletvekili Ay\u015fe B\u00f6h\u00fcrler, \u00dclkenin ve Halk\u0131n g\u00fcndemine ne kadar yabanc\u0131 oldu\u011funu ortaya koyarak, bas\u0131nda, medyada ve sosyal medyada dalga konusu oldu.<\/div>\n<div dir=\"ltr\"><\/div>\n<div dir=\"ltr\">Sadece dalga konusu olmad\u0131, ba\u015fta Ana Muhalefet Partisi olmak \u00fczere, muhalefet partilerinin aylard\u0131r dillendirdi\u011fi, T\u00fcrk tipi ba\u015fkanl\u0131k sistemi denilen bu sistemin t\u0131kand\u0131\u011f\u0131 ve AK Parti kadrolar\u0131n\u0131n halk\u0131n g\u00fcndeminden h\u0131zla uzakla\u015ft\u0131\u011f\u0131 ve hatta tamamen koptu\u011fu y\u00f6n\u00fcndeki iddialara da hakl\u0131l\u0131k kazand\u0131rd\u0131.<\/div>\n<div dir=\"ltr\"><\/div>\n<div dir=\"ltr\">Ay\u015fe B\u00f6h\u00fcrler \u00f6yle s\u0131radan bir milletvekili de\u011fildir.<\/div>\n<div dir=\"ltr\">Kendisi ayn\u0131 zamanda tecr\u00fcbeli bir gazetecidir ve AK Parti&#8217;nin de kurucular kurulu \u00fcyelerinden biridir.<\/div>\n<div dir=\"ltr\">B\u00f6yle birinin, CHP&#8217;li belediyelere d\u00f6n\u00fck operasyonlar\u0131n ayyuka \u00e7\u0131kt\u0131\u011f\u0131 ve onlarca se\u00e7ilmi\u015f belediye ba\u015fkan\u0131n\u0131n i\u00e7eri at\u0131ld\u0131\u011f\u0131 bir d\u00f6nemde, \u00dclke g\u00fcndeminden habersiz olmas\u0131 anla\u015f\u0131labilir ve anlat\u0131labilir bir \u015fey de\u011fildir. Buna dense dense siyasette B\u00d6H\u00dcRLE\u015eME denir.<\/div>\n<div dir=\"ltr\">San\u0131r\u0131m, \u00dclkemizin ya\u015fad\u0131\u011f\u0131 en temel s\u0131k\u0131nt\u0131lar\u0131n ba\u015f\u0131nda da bu husus gelir.<\/div>\n<div dir=\"ltr\">\u00c7\u00fcnk\u00fc iktidar kadrolar\u0131 Halk\u0131n g\u00fcndeminden ziyade kendi ikballerine odaklanm\u0131\u015f durumdalar.<\/div>\n<div dir=\"ltr\">Muhalefeti dizayn ederek iktidarlar\u0131n\u0131 s\u00fcrd\u00fcrebileceklerini san\u0131yorlar. Oysa tecr\u00fcbeler g\u00f6stermi\u015ftir ki, hi\u00e7bir iktidar, muhalefeti dizayn etmeye d\u00f6n\u00fck manevralarla varl\u0131\u011f\u0131n\u0131 ilelebet s\u00fcrd\u00fcremez.<\/div>\n<div dir=\"ltr\">S\u00fcrd\u00fcrebilmesi i\u00e7in arkas\u0131nda g\u00fc\u00e7l\u00fc bir halk deste\u011finin olmas\u0131 \u015fart.<\/div>\n<div dir=\"ltr\">\u0130ktidar, arkas\u0131ndaki halk deste\u011fini b\u00fcy\u00fck \u00f6l\u00e7\u00fcde yitirdi\u011fi i\u00e7in meydanlar\u0131 muhalefete ve \u00f6zellikle de Ana Muhalefete kapt\u0131rm\u0131\u015f durumda.<\/div>\n<div dir=\"ltr\">Kanaatim o ki, \u00f6n\u00fcm\u00fczdeki se\u00e7im, salonlara hakim olanlarla meydanlara hakim olanlar\u0131n kap\u0131\u015fmas\u0131 \u015feklinde ge\u00e7ecek ve se\u00e7imi, siyasette b\u00f6h\u00fcrle\u015ferek \u00dclkenin ve Halk\u0131n g\u00fcndeminden uzakla\u015fanlar kaybedecek. B\u00fct\u00fcn bunlar\u0131 g\u00f6rebilmek i\u00e7in kahin olmaya gerek yok.<\/div>\n","protected":false},"excerpt":{"rendered":"<p>Kat\u0131ld\u0131\u011f\u0131 bir televizyon program\u0131nda, ekrandaki alt yaz\u0131ya kan\u0131p, halen tutuklu bulunan Gaziosmanpa\u015fa Belediye Ba\u015fkan\u0131 Hakan Bah\u00e7etepe&#8217;nin AK Parti&#8217;ye ge\u00e7ti\u011fini sanan ve bunun \u00fczerinden bir tak\u0131m yorumlarda bulunarak &#8220;Hakan Bey&#8217;e ho\u015f geldiniz diyorum!&#8221; diyen AK Parti Kayseri Milletvekili Ay\u015fe B\u00f6h\u00fcrler, \u00dclkenin ve Halk\u0131n g\u00fcndemine ne kadar yabanc\u0131 oldu\u011funu ortaya koyarak, bas\u0131nda, medyada ve sosyal medyada dalga [&hellip;]<\/p>\n","protected":false},"author":14,"featured_media":98746,"comment_status":"open","ping_status":"open","sticky":false,"template":"","format":"standard","meta":{"footnotes":""},"categories":[47],"tags":[],"class_list":["post-100377","post","type-post","status-publish","format-standard","has-post-thumbnail","hentry","category-erdogan-serin"],"views":521,"_links":{"self":[{"href":"https:\/\/mersingazetesi.com\/index.php\/wp-json\/wp\/v2\/posts\/100377","targetHints":{"allow":["GET"]}}],"collection":[{"href":"https:\/\/mersingazetesi.com\/index.php\/wp-json\/wp\/v2\/posts"}],"about":[{"href":"https:\/\/mersingazetesi.com\/index.php\/wp-json\/wp\/v2\/types\/post"}],"author":[{"embeddable":true,"href":"https:\/\/mersingazetesi.com\/index.php\/wp-json\/wp\/v2\/users\/14"}],"replies":[{"embeddable":true,"href":"https:\/\/mersingazetesi.com\/index.php\/wp-json\/wp\/v2\/comments?post=100377"}],"version-history":[{"count":0,"href":"https:\/\/mersingazetesi.com\/index.php\/wp-json\/wp\/v2\/posts\/100377\/revisions"}],"wp:featuredmedia":[{"embeddable":true,"href":"https:\/\/mersingazetesi.com\/index.php\/wp-json\/wp\/v2\/media\/98746"}],"wp:attachment":[{"href":"https:\/\/mersingazetesi.com\/index.php\/wp-json\/wp\/v2\/media?parent=100377"}],"wp:term":[{"taxonomy":"category","embeddable":true,"href":"https:\/\/mersingazetesi.com\/index.php\/wp-json\/wp\/v2\/categories?post=100377"},{"taxonomy":"post_tag","embeddable":true,"href":"https:\/\/mersingazetesi.com\/index.php\/wp-json\/wp\/v2\/tags?post=100377"}],"curies":[{"name":"wp","href":"https:\/\/api.w.org\/{rel}","templated":true}]}}