{"id":100250,"date":"2025-06-12T15:53:20","date_gmt":"2025-06-12T12:53:20","guid":{"rendered":"https:\/\/mersingazetesi.com\/?p=100250"},"modified":"2025-06-12T15:53:20","modified_gmt":"2025-06-12T12:53:20","slug":"bakan-bolat-bizden-israile-bir-zerre-ticaretin-yapilmasina-israil-bizim-sartlarimizi-karsilayincaya-kadar-musaade-etmeyecegiz","status":"publish","type":"post","link":"https:\/\/mersingazetesi.com\/index.php\/2025\/06\/12\/bakan-bolat-bizden-israile-bir-zerre-ticaretin-yapilmasina-israil-bizim-sartlarimizi-karsilayincaya-kadar-musaade-etmeyecegiz\/","title":{"rendered":"Bakan Bolat: &#8220;Bizden \u0130srail&#8217;e bir zerre ticaretin yap\u0131lmas\u0131na, \u0130srail bizim \u015fartlar\u0131m\u0131z\u0131 kar\u015f\u0131lay\u0131ncaya kadar m\u00fcsaade etmeyece\u011fiz&#8221;"},"content":{"rendered":"<p>Ticaret Bakan\u0131 \u00d6mer Bolat,\u00a0<strong class=\"searchword\">Mersin<\/strong>\u00a0Liman\u0131yla ilgili zaman zaman, &#8216;\u0130srail&#8217;e giden y\u00fck u\u011fruyor, u\u011fram\u0131yor veya \u015fu ta\u015f\u0131nacak, bu ta\u015f\u0131nacak&#8217; gibi haberlerin dola\u015ft\u0131r\u0131ld\u0131\u011f\u0131n\u0131 belirterek, &#8220;\u0130srail&#8217;e 9 Nisan 2024 itibariyle k\u0131smi, 2 May\u0131s 2024 tarihinden itibaren de tam s\u0131n\u0131rlamaya ge\u00e7tik ithalat ve ihracatta. Hi\u00e7bir g\u00fcmr\u00fck i\u015flemi yap\u0131lm\u0131yor, transit ticaret, serbest b\u00f6lge ticareti de yap\u0131lm\u0131yor. Bizden \u0130srail&#8217;e bir zerre ticaretin yap\u0131lmas\u0131na, \u0130srail bizim \u015fartlar\u0131m\u0131z\u0131 kar\u015f\u0131lay\u0131ncaya kadar m\u00fcsaade etmeyece\u011fiz&#8221; dedi.<br \/>\nBakan Bolat,\u00a0<strong class=\"searchword\">Mersin<\/strong>\u00a0Valili\u011fince d\u00fczenlenen &#8216;<strong class=\"searchword\">Mersin<\/strong>\u00a0Ekonomi Zirvesi Sonu\u00e7 Bildirgesi Toplant\u0131s\u0131&#8217;na kat\u0131ld\u0131.\u00a0<strong class=\"searchword\">Mersin<\/strong>\u00a0\u00dcniversitesi&#8217;ndeki toplant\u0131da konu\u015fmas\u0131na zirveye katk\u0131 veren herkese te\u015fekk\u00fcr ederek ba\u015flayan Bakan Bolat, bug\u00fcnk\u00fc toplant\u0131n\u0131n,1 y\u0131ll\u0131k \u00e7al\u0131\u015fman\u0131n final g\u00fcn\u00fc oldu\u011funu s\u00f6yledi.\u00a0<strong class=\"searchword\">Mersin<\/strong>&#8216;in k\u00fcresel bir g\u00fc\u00e7 olmas\u0131, bir marka \u015fehir olmas\u0131 i\u00e7in bunun \u00f6nemli bir ba\u015flang\u0131\u00e7 noktas\u0131 oldu\u011funu ifade eden Bakan Bolat, &#8220;Bundan sonra art\u0131k bu k\u0131ymetli akt\u00f6rler, milletvekillerimiz, valimiz, belediye ba\u015fkanl\u0131\u011f\u0131m\u0131z, ticaret odalar\u0131m\u0131z, STK&#8217;lar\u0131m\u0131z, bas\u0131n\u0131m\u0131z hep birlikte sahip \u00e7\u0131k\u0131lacak. Bu noktada biz de Ticaret Bakanl\u0131\u011f\u0131 olarak \u00fczerimize d\u00fc\u015feni yapaca\u011f\u0131z. Ba\u015far\u0131ya giden yol b\u00f6yle ger\u00e7ekle\u015fiyor. \u00c7ok \u00e7al\u0131\u015fmak, iyi takip ve aksiyon almak ve de sonu\u00e7 al\u0131c\u0131 \u00e7al\u0131\u015fmalarla ilerleme sa\u011flamaktan ge\u00e7iyor&#8221; ifadelerini kulland\u0131.<br \/>\nKentle ilgili yap\u0131lan konu\u015fmalar s\u0131ras\u0131nda\u00a0<strong class=\"searchword\">Mersin<\/strong>\u00a0i\u00e7in, &#8216;<strong class=\"searchword\">Mersin<\/strong>\u00a0marka \u015fehir,\u00a0<strong class=\"searchword\">Mersin<\/strong>\u00a0birlikte geli\u015fmenin ve g\u00fc\u00e7lenmenin merkezi,\u00a0<strong class=\"searchword\">Mersin<\/strong>\u00a0hep birlikte g\u00fc\u00e7l\u00fc gelece\u011fe,\u00a0<strong class=\"searchword\">Mersin<\/strong>\u00a0g\u00f6r\u00fclmesi gereken ve bulu\u015fma noktas\u0131&#8217; \u015feklinde motto belirledi\u011fini dile getiren Bakan Bolat, &#8220;<strong class=\"searchword\">Mersin<\/strong>\u00a0i\u00e7in bir 5T form\u00fcl\u00fc \u00f6neriyorum. Nedir bu 5T form\u00fcl\u00fc? Avrasya&#8217;n\u0131n ticaret, ta\u015f\u0131mac\u0131l\u0131k, tar\u0131m, turizm ve teknoloji merkezi e\u015fittir;\u00a0<strong class=\"searchword\">Mersin<\/strong>. Bu alanlarda zaten\u00a0<strong class=\"searchword\">Mersin<\/strong>&#8216;in g\u00fc\u00e7l\u00fc bir alt yap\u0131s\u0131 var, daha da konsantre \u00e7al\u0131\u015fmalar yaparak daha iyi noktalara ta\u015f\u0131yacakt\u0131r.&#8221; \u015feklinde konu\u015ftu.<br \/>\nKonu\u015fmas\u0131nda\u00a0<strong class=\"searchword\">Mersin<\/strong>&#8216;in ihracat rakamlar\u0131na da de\u011finen Bakan Bolat,\u00a0<strong class=\"searchword\">Mersin<\/strong>&#8216;in ge\u00e7en y\u0131l y\u00fczde 4.6 art\u0131\u015f ile 10.1 milyar dolarl\u0131k bir ihracat rakam\u0131na ula\u015ft\u0131\u011f\u0131n\u0131 s\u00f6yledi. Bu ihracat\u0131n yakla\u015f\u0131k yar\u0131s\u0131n\u0131n tar\u0131m \u00fcr\u00fcnleri ve i\u015flenmi\u015f g\u0131da \u00fcr\u00fcnlerinden olu\u015ftu\u011funu belirten Bakan Bolat,\u00a0<strong class=\"searchword\">Mersin<\/strong>&#8216;in tarihten ve co\u011frafi konumundan gelen bir \u00fcst\u00fcnl\u00fc\u011f\u00fc bulundu\u011funu, Do\u011fu Akdeniz&#8217;in ticaret ve ta\u015f\u0131mac\u0131l\u0131k merkezi oldu\u011funu ifade etti.<\/p>\n<p>&#8220;Sanayide Marmara B\u00f6lgesindeki a\u015f\u0131r\u0131 yo\u011funluk, Samsun ve\u00a0<strong class=\"searchword\">Mersin<\/strong>\u00a0aks\u0131na kayd\u0131r\u0131l\u0131yor&#8221;<br \/>\nYak\u0131nda\u00a0<strong class=\"searchword\">Mersin<\/strong>&#8211; Laskiye feribot seferlerinin de ba\u015flayaca\u011f\u0131 bilgisini payla\u015fan Bakan Bolat,\u00a0<strong class=\"searchword\">Mersin<\/strong>&#8216;in ayn\u0131 zamanda \u0130pek Yolunun ge\u00e7ti\u011fi yer oldu\u011funu kaydetti.\u00a0<strong class=\"searchword\">Mersin<\/strong>&#8216;in liman\u0131 ve serbest b\u00f6lgesiyle bu alanda \u00fcst\u00fcnl\u00fck sa\u011fald\u0131\u011f\u0131n\u0131 vurgulayan Bakan Bolat, &#8220;<strong class=\"searchword\">Mersin<\/strong>&#8216;i in\u015fallah orta vadede bir Dubai konumunda g\u00f6rece\u011fiz. Bu konuda b\u00fct\u00fcn yat\u0131r\u0131mlar\u0131m\u0131z yap\u0131l\u0131yor. Irak Kalk\u0131nma Yolu bitti\u011finde, Basra&#8217;ya gelen Asya&#8217;n\u0131n \u00fcr\u00fcnleri, Avrupa&#8217;ya ge\u00e7erken\u00a0<strong class=\"searchword\">Mersin<\/strong>&#8216;den d\u00fcnyaya a\u00e7\u0131lacak. O nedenle \u00c7in&#8217;den ba\u015flayan Orta Koridorunda T\u00fcrkiye s\u0131n\u0131rlar\u0131na geldi\u011finde\u00a0<strong class=\"searchword\">Mersin<\/strong>&#8216;de bundan nasibini alacak. Bunun yan\u0131nda sanayide Marmara B\u00f6lgesindeki a\u015f\u0131r\u0131 yo\u011funlu\u011fu da\u011f\u0131tmak ve Samsun,\u00a0<strong class=\"searchword\">Mersin<\/strong>\u00a0aks\u0131na do\u011fru yeni OSB&#8217;ler kurarak daha dengeli hale getirme konusundaki \u00e7abalarla, yine\u00a0<strong class=\"searchword\">Mersin<\/strong>\u00a0ve b\u00f6lge \u015fehirlerine \u00f6nemli faydalar sa\u011flanacakt\u0131r&#8221; ifadelerini kulland\u0131.<br \/>\nT\u00fcrkiye&#8217;ye toplam 21 bin T\u00fcrk gemisi ve yakla\u015f\u0131k 39 bin de yurt d\u0131\u015f\u0131 bandral\u0131 geminin ihracat-ithalat ama\u00e7l\u0131 geldi\u011fi bilgisini payla\u015fan Bakan Bolat, \u015f\u00f6yle devam etti; &#8220;Yakla\u015f\u0131k 60 bin gemi geliyor ve ayn\u0131 zamanda 60 bin gemi \u00e7\u0131k\u0131yor demektir. Bizim d\u0131\u015f ticaretimiz ge\u00e7en y\u0131l 610 milyar dolard\u0131 ve 167 milyar dolar da hizmetler ticaretimiz vard\u0131. Toplam 775 milyar dolarl\u0131k bir d\u0131\u015f ticareti y\u00f6nettik h\u00fck\u00fcmet olarak, T\u00fcrkiye olarak, Ticaret Bakanl\u0131\u011f\u0131 olarak. Bu d\u0131\u015f ticaretteki mallar\u0131n y\u00fczde 80&#8217;\u0131 deniz yoluyla ta\u015f\u0131n\u0131yor.\u00a0<strong class=\"searchword\">Mersin<\/strong>\u00a0Liman\u0131&#8217;da burada 2. s\u0131rada yer al\u0131yor. 8 milyon adet konteyn\u0131r getirilip-g\u00f6t\u00fcr\u00fcld\u00fc.&#8221;<\/p>\n<p>&#8220;Bizim \u00fczerimizden veya bizim limanlar\u0131m\u0131za yana\u015farak \u0130srail&#8217;e bir silah gitmesini istemeyiz asla&#8221;<br \/>\nSon d\u00f6nemde\u00a0<strong class=\"searchword\">Mersin<\/strong>\u00a0Liman\u0131yla ilgili zaman zaman, &#8216;\u0130srail&#8217;e giden y\u00fck u\u011fruyor, u\u011fram\u0131yor veya \u015fu ta\u015f\u0131nacak, bu ta\u015f\u0131nacak&#8217; gibi haberlerin dola\u015ft\u0131r\u0131ld\u0131\u011f\u0131n\u0131 hat\u0131rlatan Bakan Bolat, &#8220;\u015eu ger\u00e7e\u011fi g\u00f6rmemiz laz\u0131m. Biz ate\u015fkes g\u00f6r\u00fc\u015fmeleri sonu\u00e7lanacak beklentisi ve \u00e7abalar\u0131yla 6 ay kadar bekledik, b\u00fct\u00fcn d\u00fcnyadan daha fazla u\u011fra\u015ft\u0131k. \u00d6nce k\u0131smi ihracat ambargosu uygulad\u0131k 9 Nisan 2024 itibariyle, 2 May\u0131s 2024 tarihinden itibaren de tam s\u0131n\u0131rlamaya ge\u00e7tik ithalat ve ihracatta. Hi\u00e7bir g\u00fcmr\u00fck i\u015flemi yap\u0131lm\u0131yor, transit ticaret, serbest b\u00f6lge ticareti de yap\u0131lm\u0131yor. Gazellilere yap\u0131lan soyk\u0131r\u0131m kar\u015f\u0131s\u0131nda, o karde\u015flerimiz i\u00e7in ne yapsak yetmez. Ama biz d\u00fcnyada en \u00e7ok yapan devletiz, h\u00fck\u00fcmetiz. 610 milyarl\u0131k d\u0131\u015f ticaret neyle geliyor? Y\u00fczde 80&#8217;i gemilerle geliyor. Limanlar\u0131m\u0131z Ula\u015ft\u0131rma Bakanl\u0131\u011f\u0131m\u0131z taraf\u0131ndan y\u00f6netilir. G\u00fcmr\u00fcklerimiz Ticaret Bakanl\u0131\u011f\u0131m\u0131zca y\u00f6netilir. Koordinasyon i\u00e7inde \u00e7al\u0131\u015f\u0131r\u0131z. \u0130hbarlar\u0131 dikkate al\u0131r\u0131z. Bizim \u00fczerimizden veya bizim limanlar\u0131m\u0131za yana\u015farak \u0130srail&#8217;e bir silah gitmesini istemeyiz asla. Bu noktada kamuoyuna a\u00e7\u0131klamad\u0131\u011f\u0131m\u0131z baz\u0131 gemi retleri de yap\u0131yoruz&#8221; dedi.<\/p>\n<p>&#8220;Bizden \u0130srail&#8217;e bir zerre ticaretin yap\u0131lmas\u0131na, \u0130srail bizim \u015fartlar\u0131m\u0131z\u0131 kar\u015f\u0131lay\u0131ncaya kadar m\u00fcsaade etmeyece\u011fiz&#8221;<br \/>\nD\u00fcnyada uluslararas\u0131 ta\u015f\u0131mac\u0131l\u0131\u011f\u0131 yapan belli ba\u015fl\u0131 lojistik \u015firketler bulundu\u011funu s\u00f6yleyen Bakan Bolat, &#8220;Bir gemi Uzak Do\u011fu&#8217;dan \u00e7\u0131kt\u0131\u011f\u0131 zaman 8-10 limana u\u011frar, oralarda bo\u015faltma yapar, oralardan konteyn\u0131r al\u0131r, \u015fehir hatlar\u0131 vapurlar\u0131 gibi iskelelere u\u011fraya u\u011fraya gelir. Dolay\u0131s\u0131yla limanlar\u0131n bu konteyn\u0131rlarla alakal\u0131 s\u00fcreci \u00e7ok iyi y\u00f6netmesi laz\u0131m. O a\u00e7\u0131dan biz 610 milyar dolarl\u0131k ihracat ithalat\u0131m\u0131zda dikkatliyiz ama uluslararas\u0131 ticaretimizi de \u0130srail haricinde s\u00fcrd\u00fcrmek zorunday\u0131z. Halk\u0131m\u0131za i\u015f, a\u015f, gelir art\u0131\u015f\u0131, refah sa\u011flayabilmek i\u00e7in. O nedenle vatanda\u015flar\u0131m\u0131z m\u00fcsterih olsun, \u0130srail konusunda en az vatanda\u015flar\u0131m\u0131z kadar bizler de hassasiyet sahibiyiz, hayat\u0131m\u0131z bu m\u00fccadelelerle ge\u00e7ti. Limanlar aras\u0131nda konteyn\u0131r trafi\u011finde biz dikkatliyiz ama \u015funu da bilmemiz laz\u0131m ki, o gemiler bize u\u011frad\u0131ktan sonra \u0130srail&#8217;e de gidebilir, bunu engelleyemeyiz. Ba\u015fka \u00fclkelerin \u015firketlerine bu noktada \u00f6yle davran\u0131ld\u0131\u011f\u0131 zaman biz ticaret yapamaz hale geliriz. D\u0131\u015f ticarete b\u00fcy\u00fck darbe bindirilir. O nedenle bu konudaki ele\u015ftiriler, protestolar ya da \u00f6nerilere a\u00e7\u0131\u011f\u0131z ancak \u015funun da bilinmesini istiyoruz ki, T\u00fcrkiye&#8217;nin de 610 milyar dolar, milli gelirimiz y\u00fczde 40&#8217;n\u0131 da korumak zorunday\u0131z. Ama bizden \u0130srail&#8217;e bir zerre ticaretin yap\u0131lmas\u0131na, \u0130srail bizim \u015fartlar\u0131m\u0131z\u0131 kar\u015f\u0131lay\u0131ncaya kadar m\u00fcsaade etmeyece\u011fiz&#8221; ifadelerini kulland\u0131.<\/p>\n<p>Mega projelerde son durum<br \/>\n2002&#8217;den bu yana\u00a0<strong class=\"searchword\">Mersin<\/strong>&#8216;de toplam 624 milyar TL&#8217;lik yat\u0131r\u0131m\u0131 hayata ge\u00e7irdikleri bilgisini veren Bakan Bolat, \u00c7ukurova Uluslararas\u0131 Havaliman\u0131&#8217;n\u0131n yolcu ta\u015f\u0131mac\u0131l\u0131\u011f\u0131n\u0131n yan\u0131nda ticarete de \u00f6nemli katk\u0131lar sa\u011flayaca\u011f\u0131n\u0131,\u00a0<strong class=\"searchword\">Mersin<\/strong>&#8211; Adana- Osmaniye -Gaziantep H\u0131zl\u0131 Tren Projesi&#8217;nin tamamland\u0131\u011f\u0131nda y\u0131lda 12,5 milyon ton y\u00fck ta\u015f\u0131ma kapasitesine ula\u015fmas\u0131n\u0131n beklendi\u011fini s\u00f6yledi. Bakan Bolat, y\u00fczde 90&#8217;n\u0131n \u00fczerinde tamamlanan Akkuyu N\u00fckleer G\u00fc\u00e7 Santrali&#8217;nin ilk reakt\u00f6r\u00fcn\u00fcn 2025 y\u0131l\u0131 i\u00e7inde devreye al\u0131nmas\u0131n\u0131n planland\u0131\u011f\u0131n\u0131, tam kapasite ile hizmete girdi\u011finde \u00fclkenin elektrik ihtiyac\u0131n\u0131n y\u00fczde 10&#8217;nu kar\u015f\u0131layaca\u011f\u0131n\u0131 belirtti.<\/p>\n<p>Esnafa ve sanatk\u00e2ra 1,8 milyar TL destek<br \/>\n2025&#8217;in ilk 5 ay\u0131nda\u00a0<strong class=\"searchword\">Mersin<\/strong>li esnaf ve sanatk\u00e2rlara 1,8 milyar TL tutar\u0131nda faiz indirimli kredi sa\u011fland\u0131\u011f\u0131n\u0131 a\u00e7\u0131klayan Bolat, 2002&#8217;den bu yana toplam kredi deste\u011finin 15 milyar TL&#8217;yi ge\u00e7ti\u011fini s\u00f6yledi. Ayr\u0131ca, 102,5 milyon TL&#8217;lik gelir kayb\u0131 deste\u011fi ve 7,9 milyon TL tutar\u0131nda kira deste\u011fi sa\u011fland\u0131\u011f\u0131n\u0131 bildirdi. Ayr\u0131ca bu sabahtan itibaren\u00a0<strong class=\"searchword\">Mersin<\/strong>li esnafa bir 100 milyon lira daha y\u00fczde 50 faiz indirimli finansman deste\u011fi sa\u011flad\u0131klar\u0131n\u0131 kaydetti.<\/p>\n<p>K\u00fcresel ticaret ve politika belirsizlikleri<br \/>\nKonu\u015fmas\u0131nda, son d\u00f6nemde k\u00fcresel ticareti derinden etkileyen bir dizi geli\u015fme ya\u015fand\u0131\u011f\u0131n\u0131, d\u00fcnyada b\u00fcy\u00fck bir ticaret sava\u015flar\u0131, rekabet sava\u015flar\u0131, artan bir korumac\u0131l\u0131k, g\u00fcmr\u00fck tarifeleri sava\u015flar\u0131 oldu\u011funa dikkat \u00e7eken Bakan Bolat, &#8220;Yani ekmek aslan\u0131n a\u011fz\u0131nda de\u011fil, adeta midesinde. Ama bizim kahraman ihracat\u00e7\u0131lar\u0131m\u0131z ki, onlar hem sanayici hem tar\u0131mc\u0131lar. Onlar bunu sa\u011fl\u0131yorlar. Biz h\u00fck\u00fcmet olarak onlara verebildi\u011fimiz b\u00fct\u00fcn kolayl\u0131klar\u0131 sa\u011flamaya \u00e7al\u0131\u015f\u0131yoruz. \u0130mkan olsa daha fazla destek verece\u011fiz ama malum deprem yat\u0131r\u0131mlar\u0131 nedeniyle \u00f6nemli harcamalar var. Bunlar da yak\u0131nda bitecek in\u015fallah, depremin yaralar\u0131n\u0131 yak\u0131nda saraca\u011f\u0131z. Bug\u00fcn, iftiharla s\u00f6ylemeliyim ki, k\u00fcresel ihracattan ald\u0131\u011f\u0131m\u0131z pay\u0131 1980&#8217;den bug\u00fcne 7,7 kat art\u0131rarak y\u00fczde 1,07&#8217;nin \u00fczerine \u00e7\u0131karm\u0131\u015f durumday\u0131z. \u0130\u015fte bu performans\u0131m\u0131zla ismimizi son on y\u0131lda OECD \u00fclkeleri aras\u0131nda ihracat hacmini en h\u0131zl\u0131 art\u0131ran \u00fclkelerden biri olarak yazd\u0131rman\u0131n hakl\u0131 gururunu ya\u015f\u0131yoruz.&#8221; diye konu\u015ftu.<\/p>\n<p>B\u00fcy\u00fcyen ve g\u00fc\u00e7lenen T\u00fcrkiye ekonomisi<br \/>\nBug\u00fcn T\u00fcrkiye ekonomisinin 1,5 milyon adetlik \u00fcretim g\u00fcc\u00fcyle otomotiv end\u00fcstrisinde AB&#8217;de 4&#8217;\u00fcnc\u00fc, d\u00fcnyada ise 12&#8217;nci s\u0131rada yer ald\u0131\u011f\u0131n\u0131 hat\u0131rlatan Bakan Bolat, \u015fu bilgeler payla\u015ft\u0131; &#8220;Tekstil ve konfeksiyonda ihracatta d\u00fcnyada 7&#8217;nci s\u0131raday\u0131z. AB&#8217;nin 3. b\u00fcy\u00fck tedarik\u00e7isiyiz. Savunma ve havac\u0131l\u0131k sanayiinde d\u00fcnyada 11&#8217;inci s\u0131raday\u0131z. Beyaz e\u015fyada Avrupa&#8217;da 2&#8217;nci, d\u00fcnyada 3&#8217;\u00fcnc\u00fcs\u0131raday\u0131z. Makine sekt\u00f6r\u00fcnde ihracatta d\u00fcnyan\u0131n en b\u00fcy\u00fck 25 \u00fclkesinden biriyiz. \u00dclkemizin b\u00fcy\u00fcmede elde etti\u011fi bu ba\u015far\u0131, her kesimin daha fazla ekonomik aktiviteye kat\u0131lmas\u0131n\u0131n da bir sonucudur. M\u00fcteahhitlikte ikinci, turizmde d\u00fcnya 5.&#8217;siyiz. Arkada\u015flar\u0131m\u0131z Endonezya&#8217;da Savunma Sanayi Fuar\u0131&#8217;ndalar, d\u00fcn itibariyle 48 adet Kaan 5. nesil sava\u015f u\u00e7a\u011f\u0131n\u0131n Endonezya&#8217;ya 15 milyar dolarl\u0131k ihracat s\u00f6zle\u015fmesi imzalard\u0131lar. Bunlar iftihar etmemiz gereken geli\u015fmeler&#8221; dedi.<br \/>\nEnflasyonla m\u00fccadelenin h\u00fck\u00fcmetin iki temel \u00f6nceli\u011finden biri oldu\u011funu vurgulayan Bakan Bolat, di\u011ferinin ise deprem b\u00f6lgesindeki 11 vilayetin h\u0131zl\u0131ca aya\u011fa kald\u0131r\u0131lmas\u0131 oldu\u011funu s\u00f6yledi. &#8220;Ate\u015f d\u00fc\u015ft\u00fc\u011f\u00fc yeri yakan&#8221; diyen Bolat, &#8220;Deprem b\u00f6lgesinde y\u0131k\u0131lm\u0131\u015f, canlar\u0131n\u0131, yak\u0131nlar\u0131n\u0131 kaybetmi\u015f insanlar\u0131n ac\u0131lar\u0131n\u0131 onlar kadar hissetmek \u00e7ok zor. O nedenle \u00f6ncelik oradayd\u0131. Ve 105 milyar dolar bir b\u00fct\u00e7e ortaya \u00e7\u0131kar\u0131lm\u0131\u015ft\u0131. Ve bu b\u00fct\u00e7eyi \u00f6deyecek bir \u015firket yok. Kamu b\u00fct\u00e7esinden \u00f6denecek. O g\u00fcnk\u00fc b\u00fct\u00e7enin y\u00fczde 40&#8217;\u0131 idi bu. 2 y\u0131lda yakla\u015f\u0131k 2.6 trilyon lira 2023-2024&#8217;te harcand\u0131 ve 202 bin konut, i\u015f yeri teslim edildi. Kalanlar\u0131 da bitmeye yakla\u015ft\u0131. Bu y\u0131l sonuna kadar di\u011fer hak sahiplerine de teslim edilmi\u015f olacak&#8221; diye konu\u015ftu.<br \/>\nOla\u011fan\u00fcst\u00fc bir durum afet ya da d\u0131\u015f etken olmad\u0131\u011f\u0131 taktirde bu y\u0131l\u0131n sonunda enflasyonda y\u00fczde 20&#8217;li rakamlar\u0131n\u0131 g\u00f6r\u00fclece\u011fini kaydeden Bakan Bolat, bu \u00e7er\u00e7evede ihracat\u0131n artt\u0131r\u0131lmas\u0131na y\u00f6nelik \u00e7al\u0131\u015fmalara da devam edeceklerini s\u00f6yledi.<br \/>\n&#8220;T\u00fcrkiye Y\u00fczy\u0131l\u0131 vizyonumuzu, ticaretin y\u00fczy\u0131l\u0131 vizyonu ile ta\u00e7land\u0131raca\u011f\u0131z in\u015fallah&#8221; diyen Bakan Bolat, &#8220;Ter\u00f6rs\u00fcz T\u00fcrkiye hedefi de T\u00fcrkiye&#8217;ye in\u015fallah yeni bir lig atlatacak y\u00fckseli\u015f y\u00f6n\u00fcnde. 2 trilyon dolara yak\u0131n 40 y\u0131lda harcanan kaynaklar, bundan sonra in\u015fallah yat\u0131r\u0131ma, \u00fcretime harcanacak&#8221; dedi.<\/p>\n","protected":false},"excerpt":{"rendered":"<p>Ticaret Bakan\u0131 \u00d6mer Bolat,\u00a0Mersin\u00a0Liman\u0131yla ilgili zaman zaman, &#8216;\u0130srail&#8217;e giden y\u00fck u\u011fruyor, u\u011fram\u0131yor veya \u015fu ta\u015f\u0131nacak, bu ta\u015f\u0131nacak&#8217; gibi haberlerin dola\u015ft\u0131r\u0131ld\u0131\u011f\u0131n\u0131 belirterek, &#8220;\u0130srail&#8217;e 9 Nisan 2024 itibariyle k\u0131smi, 2 May\u0131s 2024 tarihinden itibaren de tam s\u0131n\u0131rlamaya ge\u00e7tik ithalat ve ihracatta. Hi\u00e7bir g\u00fcmr\u00fck i\u015flemi yap\u0131lm\u0131yor, transit ticaret, serbest b\u00f6lge ticareti de yap\u0131lm\u0131yor. Bizden \u0130srail&#8217;e bir zerre ticaretin [&hellip;]<\/p>\n","protected":false},"author":2,"featured_media":100251,"comment_status":"open","ping_status":"open","sticky":false,"template":"","format":"standard","meta":{"footnotes":""},"categories":[3,4,8,9],"tags":[],"class_list":["post-100250","post","type-post","status-publish","format-standard","has-post-thumbnail","hentry","category-dunya","category-ekonomi","category-mersin","category-siyaset"],"views":1449,"_links":{"self":[{"href":"https:\/\/mersingazetesi.com\/index.php\/wp-json\/wp\/v2\/posts\/100250","targetHints":{"allow":["GET"]}}],"collection":[{"href":"https:\/\/mersingazetesi.com\/index.php\/wp-json\/wp\/v2\/posts"}],"about":[{"href":"https:\/\/mersingazetesi.com\/index.php\/wp-json\/wp\/v2\/types\/post"}],"author":[{"embeddable":true,"href":"https:\/\/mersingazetesi.com\/index.php\/wp-json\/wp\/v2\/users\/2"}],"replies":[{"embeddable":true,"href":"https:\/\/mersingazetesi.com\/index.php\/wp-json\/wp\/v2\/comments?post=100250"}],"version-history":[{"count":0,"href":"https:\/\/mersingazetesi.com\/index.php\/wp-json\/wp\/v2\/posts\/100250\/revisions"}],"wp:featuredmedia":[{"embeddable":true,"href":"https:\/\/mersingazetesi.com\/index.php\/wp-json\/wp\/v2\/media\/100251"}],"wp:attachment":[{"href":"https:\/\/mersingazetesi.com\/index.php\/wp-json\/wp\/v2\/media?parent=100250"}],"wp:term":[{"taxonomy":"category","embeddable":true,"href":"https:\/\/mersingazetesi.com\/index.php\/wp-json\/wp\/v2\/categories?post=100250"},{"taxonomy":"post_tag","embeddable":true,"href":"https:\/\/mersingazetesi.com\/index.php\/wp-json\/wp\/v2\/tags?post=100250"}],"curies":[{"name":"wp","href":"https:\/\/api.w.org\/{rel}","templated":true}]}}