{"id":100219,"date":"2025-06-12T12:26:58","date_gmt":"2025-06-12T09:26:58","guid":{"rendered":"https:\/\/mersingazetesi.com\/?p=100219"},"modified":"2025-06-12T12:26:58","modified_gmt":"2025-06-12T09:26:58","slug":"almanya-ve-danimarkadan-ortak-mesaj-guvenlik-goc-ve-ticarette-yeni-donem","status":"publish","type":"post","link":"https:\/\/mersingazetesi.com\/index.php\/2025\/06\/12\/almanya-ve-danimarkadan-ortak-mesaj-guvenlik-goc-ve-ticarette-yeni-donem\/","title":{"rendered":"Almanya ve Danimarka&#8217;dan Ortak Mesaj: G\u00fcvenlik, G\u00f6\u00e7 ve Ticarette Yeni D\u00f6nem"},"content":{"rendered":"<p>Almanya \u015eans\u00f6lyesi Friedrich Merz ve Danimarka Ba\u015fbakan\u0131 Mette Frederiksen, \u00c7ar\u015famba g\u00fcn\u00fc Berlin&#8217;de \u00f6nemli konular\u0131 masaya yat\u0131rd\u0131.<\/p>\n<p>\u0130ki lider, \u00f6zellikle Rusya&#8217;n\u0131n Avrupa i\u00e7in olu\u015fturdu\u011fu tehdit, g\u00f6\u00e7 politikalar\u0131n\u0131n s\u0131k\u0131la\u015ft\u0131r\u0131lmas\u0131 ve k\u00fcresel ticaretin gelece\u011fi \u00fczerinde durdu.<\/p>\n<p>K\u0131ta G\u00fcvenli\u011finde Ortak Cephe<\/p>\n<p>Rusya&#8217;n\u0131n Ukrayna&#8217;ya y\u00f6nelik sald\u0131r\u0131lar\u0131, iki liderin g\u00fcndeminin en \u00fcst s\u0131ras\u0131ndayd\u0131.<\/p>\n<p>Merz, Rusya&#8217;n\u0131n NATO ittifak\u0131n\u0131n tamam\u0131 i\u00e7in bir tehdit oldu\u011funu a\u00e7\u0131k\u00e7a belirtti. Yakla\u015fan Lahey&#8217;deki NATO liderler zirvesi \u00f6ncesinde, Rusya&#8217;n\u0131n hem Avrupa hem de Atlantik&#8217;in di\u011fer yakas\u0131 i\u00e7in bir risk olu\u015fturdu\u011funu vurgulad\u0131. Bu zirvede, m\u00fcttefiklerin savunma harcamalar\u0131nda &#8220;tarihi&#8221; bir art\u0131\u015f\u0131 tart\u0131\u015facaklar\u0131n\u0131 da ekledi. Merz, &#8220;NATO&#8217;nun Avrupa aya\u011f\u0131n\u0131 birlikte g\u00fc\u00e7lendirece\u011fiz&#8221; diyerek kararl\u0131l\u0131klar\u0131n\u0131 g\u00f6sterdi.<\/p>\n<p>Danimarka Ba\u015fbakan\u0131 Frederiksen de benzer bir vurguyla, k\u0131tan\u0131n savunmas\u0131n\u0131n h\u0131zla g\u00fc\u00e7lendirilmesi gerekti\u011fini s\u00f6yledi.<\/p>\n<p>Frederiksen, &#8220;Avrupa Savunma Sanayimizi yeniden in\u015fa etmeliyiz ve tabii ki Alman Sanayisi bizim i\u00e7in kilit \u00f6neme sahip&#8221; diyerek, bu yeniden yap\u0131lanman\u0131n aciliyetine dikkat \u00e7ekti. &#8220;Avrupa&#8217;y\u0131 yeniden yap\u0131land\u0131r\u0131n, bunu h\u0131zl\u0131 yap\u0131n&#8221; \u00e7a\u011fr\u0131s\u0131 da bu kararl\u0131l\u0131\u011f\u0131n bir yans\u0131mas\u0131yd\u0131.<\/p>\n<p>G\u00f6\u00e7 Politikalar\u0131nda S\u0131k\u0131la\u015fma Sinyali<\/p>\n<p>G\u00f6\u00e7 konusu da iki liderin ortak g\u00f6r\u00fc\u015f bildirdi\u011fi bir di\u011fer aland\u0131. Her iki lider de daha s\u0131k\u0131 g\u00f6\u00e7 politikalar\u0131n\u0131n uygulanmas\u0131 gerekti\u011fi konusunda anla\u015ft\u0131.<\/p>\n<p>Frederiksen, &#8220;Avrupa&#8217;ya gelmek isteyen herkesi kabul edemeyiz. Demokratik toplumlar\u0131m\u0131za kimin girebilece\u011fi demokratik bir karar olmal\u0131d\u0131r&#8221; s\u00f6zleriyle bu tutumu destekledi.<\/p>\n<p>\u015eans\u00f6lye Merz ise Danimarka&#8217;n\u0131n g\u00f6\u00e7 politikas\u0131n\u0131 \u00f6vg\u00fcyle anlatt\u0131.<\/p>\n<p>&#8220;Danimarka&#8217;n\u0131n son y\u0131llarda ba\u015fard\u0131klar\u0131 ger\u00e7ekten \u00f6rnek te\u015fkil ediyor ve birlikte Avrupa Birli\u011fi&#8217;nde yeni ve daha kat\u0131 iltica kurallar\u0131na do\u011fru ilerliyoruz&#8221; diyerek, Danimarka&#8217;n\u0131n bu konudaki ad\u0131mlar\u0131n\u0131 takdir etti. G\u00f6\u00e7menlerin geri g\u00f6nderilmesi konusunda da, gerekirse &#8220;yasal zeminde de buna uygun de\u011fi\u015fiklikler yap\u0131laca\u011f\u0131n\u0131&#8221; belirtti.<\/p>\n<p>Bu ifadeler, Avrupa genelinde g\u00f6\u00e7 konusunda daha kat\u0131 bir d\u00f6neme girilebilece\u011finin sinyallerini veriyor.<\/p>\n<p>K\u00fcresel Ticarette \u0130stikrar Aray\u0131\u015f\u0131<\/p>\n<p>Merz ve Frederiksen, k\u00fcresel ticaret ortam\u0131ndaki dalgalanmalar\u0131 ve ABD Ba\u015fkan\u0131 Donald Trump&#8217;\u0131n g\u00fcmr\u00fck vergileriyle daha da k\u00f6t\u00fcle\u015fen durumu da ele ald\u0131.<\/p>\n<p>Alman lider, yeni bir ABD-\u00c7in ticaret anla\u015fmas\u0131n\u0131n a\u00e7\u0131klanmas\u0131n\u0131 memnuniyetle kar\u015f\u0131lad\u0131.<\/p>\n<p>Bu anla\u015fman\u0131n gerilimi azaltaca\u011f\u0131n\u0131 ve ticari anla\u015fmazl\u0131klar\u0131 \u00e7\u00f6zece\u011fini umdu\u011funu belirtti.<\/p>\n<p>Merz, &#8220;yak\u0131n gelecekte Amerika ile \u00f6rne\u011fin g\u00fcmr\u00fck tarifeleri konusunda benzer anla\u015fmalara varmay\u0131 ba\u015faraca\u011f\u0131m\u0131z\u0131 umuyorum&#8221; diyerek, ticaret sava\u015flar\u0131n\u0131n sona ermesi ve daha istikrarl\u0131 bir k\u00fcresel ticaret ortam\u0131 beklentisini dile getirdi.<\/p>\n<p>Genel olarak, Berlin&#8217;deki bu g\u00f6r\u00fc\u015fme, iki \u00f6nemli Avrupa \u00fclkesinin ortak g\u00fcvenlik endi\u015felerini, g\u00f6\u00e7 konusunda daha kontroll\u00fc bir yakla\u015f\u0131m aray\u0131\u015f\u0131n\u0131 ve k\u00fcresel ticarette istikrar beklentilerini net bir \u015fekilde ortaya koydu.<\/p>\n<p>Bu konular, \u00f6n\u00fcm\u00fczdeki d\u00f6nemde Avrupa&#8217;n\u0131n ve d\u00fcnyan\u0131n g\u00fcndemini me\u015fgul etmeye devam edecek gibi g\u00f6r\u00fcn\u00fcyor.<\/p>\n<p>&nbsp;<\/p>\n","protected":false},"excerpt":{"rendered":"<p>Almanya \u015eans\u00f6lyesi Friedrich Merz ve Danimarka Ba\u015fbakan\u0131 Mette Frederiksen, \u00c7ar\u015famba g\u00fcn\u00fc Berlin&#8217;de \u00f6nemli konular\u0131 masaya yat\u0131rd\u0131. \u0130ki lider, \u00f6zellikle Rusya&#8217;n\u0131n Avrupa i\u00e7in olu\u015fturdu\u011fu tehdit, g\u00f6\u00e7 politikalar\u0131n\u0131n s\u0131k\u0131la\u015ft\u0131r\u0131lmas\u0131 ve k\u00fcresel ticaretin gelece\u011fi \u00fczerinde durdu. K\u0131ta G\u00fcvenli\u011finde Ortak Cephe Rusya&#8217;n\u0131n Ukrayna&#8217;ya y\u00f6nelik sald\u0131r\u0131lar\u0131, iki liderin g\u00fcndeminin en \u00fcst s\u0131ras\u0131ndayd\u0131. Merz, Rusya&#8217;n\u0131n NATO ittifak\u0131n\u0131n tamam\u0131 i\u00e7in bir tehdit [&hellip;]<\/p>\n","protected":false},"author":27,"featured_media":100220,"comment_status":"open","ping_status":"open","sticky":false,"template":"","format":"standard","meta":{"footnotes":""},"categories":[112],"tags":[],"class_list":["post-100219","post","type-post","status-publish","format-standard","has-post-thumbnail","hentry","category-umut-can-erkan"],"views":171,"_links":{"self":[{"href":"https:\/\/mersingazetesi.com\/index.php\/wp-json\/wp\/v2\/posts\/100219","targetHints":{"allow":["GET"]}}],"collection":[{"href":"https:\/\/mersingazetesi.com\/index.php\/wp-json\/wp\/v2\/posts"}],"about":[{"href":"https:\/\/mersingazetesi.com\/index.php\/wp-json\/wp\/v2\/types\/post"}],"author":[{"embeddable":true,"href":"https:\/\/mersingazetesi.com\/index.php\/wp-json\/wp\/v2\/users\/27"}],"replies":[{"embeddable":true,"href":"https:\/\/mersingazetesi.com\/index.php\/wp-json\/wp\/v2\/comments?post=100219"}],"version-history":[{"count":0,"href":"https:\/\/mersingazetesi.com\/index.php\/wp-json\/wp\/v2\/posts\/100219\/revisions"}],"wp:featuredmedia":[{"embeddable":true,"href":"https:\/\/mersingazetesi.com\/index.php\/wp-json\/wp\/v2\/media\/100220"}],"wp:attachment":[{"href":"https:\/\/mersingazetesi.com\/index.php\/wp-json\/wp\/v2\/media?parent=100219"}],"wp:term":[{"taxonomy":"category","embeddable":true,"href":"https:\/\/mersingazetesi.com\/index.php\/wp-json\/wp\/v2\/categories?post=100219"},{"taxonomy":"post_tag","embeddable":true,"href":"https:\/\/mersingazetesi.com\/index.php\/wp-json\/wp\/v2\/tags?post=100219"}],"curies":[{"name":"wp","href":"https:\/\/api.w.org\/{rel}","templated":true}]}}